{"id":1778,"date":"2016-05-19T09:31:34","date_gmt":"2016-05-19T09:31:34","guid":{"rendered":"http:\/\/www.muzeusm.ro\/?p=1778"},"modified":"2016-05-19T09:31:34","modified_gmt":"2016-05-19T09:31:34","slug":"noaptea-alba-a-muzeelor-2122-mai-2016","status":"publish","type":"post","link":"https:\/\/muzeusm.ro\/en\/noaptea-alba-a-muzeelor-2122-mai-2016\/","title":{"rendered":"NOAPTEA  ALB\u0102 A MUZEELOR 21\/22 mai 2016"},"content":{"rendered":"<p><b><a href=\"http:\/\/www.muzeusm.ro\/wp-content\/uploads\/2016\/05\/afis-1.jpg\"><img loading=\"lazy\" decoding=\"async\" data-attachment-id=\"1779\" data-permalink=\"https:\/\/muzeusm.ro\/en\/afis-1-2\/\" data-orig-file=\"https:\/\/muzeusm.ro\/wp-content\/uploads\/2016\/05\/afis-1.jpg\" data-orig-size=\"668,945\" data-comments-opened=\"1\" data-image-meta=\"{&quot;aperture&quot;:&quot;0&quot;,&quot;credit&quot;:&quot;&quot;,&quot;camera&quot;:&quot;&quot;,&quot;caption&quot;:&quot;&quot;,&quot;created_timestamp&quot;:&quot;0&quot;,&quot;copyright&quot;:&quot;&quot;,&quot;focal_length&quot;:&quot;0&quot;,&quot;iso&quot;:&quot;0&quot;,&quot;shutter_speed&quot;:&quot;0&quot;,&quot;title&quot;:&quot;&quot;,&quot;orientation&quot;:&quot;1&quot;}\" data-image-title=\"afis 1\" data-image-description=\"\" data-image-caption=\"\" data-medium-file=\"https:\/\/muzeusm.ro\/wp-content\/uploads\/2016\/05\/afis-1-212x300.jpg\" data-large-file=\"https:\/\/muzeusm.ro\/wp-content\/uploads\/2016\/05\/afis-1.jpg\" class=\"size-medium wp-image-1779 alignleft\" alt=\"afis 1\" src=\"http:\/\/www.muzeusm.ro\/wp-content\/uploads\/2016\/05\/afis-1-212x300.jpg\" width=\"212\" height=\"300\" srcset=\"https:\/\/muzeusm.ro\/wp-content\/uploads\/2016\/05\/afis-1-212x300.jpg 212w, https:\/\/muzeusm.ro\/wp-content\/uploads\/2016\/05\/afis-1.jpg 668w\" sizes=\"auto, (max-width: 212px) 100vw, 212px\" \/><\/a>Muzeul de Istorie \u2013 B-dul Vasile Lucaciu nr.21<\/b><\/p>\n<p><b>Expozi\u0163ii:<\/b><\/p>\n<p><b>\u00a0\u00a0\u00a0\u00a0\u00a0\u00a0\u00a0\u00a0\u00a0 <\/b>Expozi\u0163ia permanent\u0103 de Arheologie \u015fi Etno-Istorie<\/p>\n<p>Expozi\u0163ia \u201e150 de ani de la urcarea pe tron a Principelui Carol de Hohenzollern-Sigmaringen\u201d<\/p>\n","protected":false},"excerpt":{"rendered":"<p>Muzeul de Istorie \u2013 B-dul Vasile Lucaciu nr.21 Expozi\u0163ii: \u00a0\u00a0\u00a0\u00a0\u00a0\u00a0\u00a0\u00a0\u00a0 Expozi\u0163ia permanent\u0103 de Arheologie \u015fi Etno-Istorie Expozi\u0163ia \u201e150 de ani de la urcarea pe tron a Principelui Carol de Hohenzollern-Sigmaringen\u201d<\/p>\n","protected":false},"author":245723486,"featured_media":0,"comment_status":"open","ping_status":"open","sticky":false,"template":"","format":"standard","meta":{"_coblocks_attr":"","_coblocks_dimensions":"","_coblocks_responsive_height":"","_coblocks_accordion_ie_support":"","advanced_seo_description":"","jetpack_seo_html_title":"","jetpack_seo_noindex":false,"jetpack_post_was_ever_published":false,"_jetpack_newsletter_access":"","_jetpack_dont_email_post_to_subs":false,"_jetpack_newsletter_tier_id":0,"_jetpack_memberships_contains_paywalled_content":false,"_jetpack_memberships_contains_paid_content":false,"footnotes":"","jetpack_publicize_message":"","jetpack_publicize_feature_enabled":true,"jetpack_social_post_already_shared":false,"jetpack_social_options":{"image_generator_settings":{"template":"highway","default_image_id":0,"font":"","enabled":false},"version":2}},"categories":[6498592,6498593],"tags":[],"class_list":["post-1778","post","type-post","status-publish","format-standard","hentry","category-actualitati","category-uncategorized","entry"],"translation":{"provider":"WPGlobus","version":"3.0.1","language":"en","enabled_languages":["ro","hu","en"],"languages":{"ro":{"title":true,"content":true,"excerpt":false},"hu":{"title":false,"content":false,"excerpt":false},"en":{"title":false,"content":false,"excerpt":false}}},"jetpack_publicize_connections":[],"jetpack_featured_media_url":"","jetpack_likes_enabled":true,"jetpack-related-posts":[{"id":2338,"url":"https:\/\/muzeusm.ro\/en\/noaptea-alba-a-muzeelor\/","url_meta":{"origin":1778,"position":0},"title":"Noaptea alb\u0103 a muzeelor","author":"Dobrescu Adela Catalina","date":"17 May 2017","format":false,"excerpt":"NOAPTEA ALB\u0102 A MUZEELOR 20\/21 mai 2017 Muzeul de Istorie \u2013 B-dul Vasile Lucaciu nr.21 Expozi\u0163ii: Expozi\u0163ia permanent\u0103 de Arheologie \u015fi Etno-Istorie Expozi\u0163ia \u201ePe urmele \u015fvabilor s\u0103tm\u0103reni\u201d. Organizatori: Institutul pentru Rela\u0163ii Externe (ifa), Organiza\u0163ia Tinerilor Germani S\u0103tm\u0103reni \u201dGemeinsam\u201d, Consiliul Jude\u0163ean Satu Mare, Muzeul Jude\u0163ean Satu Mare, Forumul Democrat Satu Mare,\u2026","rel":"","context":"In &quot;actualitati&quot;","block_context":{"text":"actualitati","link":"https:\/\/muzeusm.ro\/en\/category\/actualitati\/"},"img":{"alt_text":"","src":"https:\/\/i0.wp.com\/www.muzeusm.ro\/wp-content\/uploads\/2017\/05\/afis-2017-mare-214x300.jpg?resize=350%2C200","width":350,"height":200},"classes":[]},{"id":4646,"url":"https:\/\/muzeusm.ro\/en\/noaptea-muzeelor-18-mai-2019-program\/","url_meta":{"origin":1778,"position":1},"title":"NOAPTEA MUZEELOR 18 Mai 2019 &#8211; Program","author":"norbertlorincz","date":"16 May 2019","format":false,"excerpt":"NOAPTEA MUZEELOR 18 Mai 2019 Program de vizitare: 17.00 \u2013 24.00 Muzeul de Istorie \u2013 B-dul Vasile Lucaciu nr.21 Expozi\u0163ie de costume \u015fi prezentare de mod\u0103 : \u201eSatu Mare un centru al modei rom\u00e2ne\u015fti \u201d Vernisaj: ora 19.00 Expo foto-documentar\u0103 \u201e100 de ani de la instaurarea administra\u0163iei rom\u00e2ne\u015fti la Satu\u2026","rel":"","context":"In &quot;actualitati&quot;","block_context":{"text":"actualitati","link":"https:\/\/muzeusm.ro\/en\/category\/actualitati\/"},"img":{"alt_text":"","src":"https:\/\/i0.wp.com\/www.muzeusm.ro\/wp-content\/uploads\/2019\/05\/banner-muz1-1-83x300.jpg?resize=350%2C200","width":350,"height":200},"classes":[]},{"id":3365,"url":"https:\/\/muzeusm.ro\/en\/noaptea-alba-a-muzeelor-1920-mai-2018\/","url_meta":{"origin":1778,"position":2},"title":"NOAPTEA  ALB\u0102 A MUZEELOR 19\/20 mai 2018","author":"Dobrescu Adela Catalina","date":"16 May 2018","format":false,"excerpt":"NOAPTEA ALB\u0102 A MUZEELOR 19\/20 mai 2018 Muzeul de Istorie \u2013 B-dul Vasile Lucaciu nr.21 Expozi\u0163ii: Expozi\u0163ia permanent\u0103 de Arheologie \u015fi Etno-Istorie Expozi\u021bie de pictur\u0103 GEORG HALLER - organizatori: Forumul Democrat German - Satu Mare, Muzeul \u0218vabilor Dun\u0103reni \u2013 Ulm (Germania) Expozi\u0163ia de Cactu\u015fi \u015fi plante suculente- organizator: Asocia\u0163ia Aztekium\u2026","rel":"","context":"In &quot;actualitati&quot;","block_context":{"text":"actualitati","link":"https:\/\/muzeusm.ro\/en\/category\/actualitati\/"},"img":{"alt_text":"","src":"https:\/\/i0.wp.com\/www.muzeusm.ro\/wp-content\/uploads\/2018\/05\/NOAPTEA-ALBA-A-MUZEELOR2018-1-214x300.jpg?resize=350%2C200","width":350,"height":200},"classes":[]},{"id":11218,"url":"https:\/\/muzeusm.ro\/en\/noaptea-muzeelor-2022-14-mai-2022\/","url_meta":{"origin":1778,"position":3},"title":"NOAPTEA MUZEELOR &#8211; 14 mai 2022","author":"Popdan Bradut","date":"11 May 2022","format":false,"excerpt":"\u00a0Program de vizitare 17.00 \u2013 23.30 Muzeul Jude\u021bean Satu Mare- B-dul Vasile Lucaciu nr. 21 Expozi\u021bii: 1.Expozi\u021biile permanente de Istorie \u0219i Etnografie 2.Expozi\u021bii temporare: -\u00a0\u00a0 \u201e Jandarmeria Rom\u00e2n\u0103 1850 -2020\u00a0 \u201d 170 de ani de la \u00eenfiin\u021barea Jandarmeriei\u00a0\u00a0\u00a0\u00a0\u00a0\u00a0\u00a0 Rom\u00e2ne -\u00a0\u00a0 \u201e Dacica 3D \u201d Activit\u0103\u021bi: \u00a0\u00a0\u00a0\u00a0\u00a0\u00a0\u00a0\u00a0\u00a0\u00a0\u00a0 Orele 17.00 \u2013 21.00\u2026","rel":"","context":"In &quot;actualitati&quot;","block_context":{"text":"actualitati","link":"https:\/\/muzeusm.ro\/en\/category\/actualitati\/"},"img":{"alt_text":"","src":"","width":0,"height":0},"classes":[]},{"id":4156,"url":"https:\/\/muzeusm.ro\/en\/expozitie-de-arta-decorativa\/","url_meta":{"origin":1778,"position":4},"title":"Expozi\u0163ie de art\u0103 decorativ\u0103","author":"Popdan Bradut","date":"1 March 2019","format":false,"excerpt":"Muzeul Jude\u0163ean Satu Mare are pl\u0103cerea s\u0103 v\u0103 invite la vernisajul unei expozi\u0163ii de art\u0103 plastic\u0103 inedit\u0103, semnat\u0103 Ovidiu Ha\u0163egan \u015fi C\u0103t\u0103lin S\u0103l\u0103jan.Ineditul const\u0103 \u00een al\u0103turarea unor materiale \u015fi tehnici destul de pu\u0163in folosite: sticla \u015fi metalul.Expozi\u0163ia constituit\u0103 din peste 50 de lucr\u0103ri \u00een care arti\u015ftii dau m\u0103sura \u00eentregii lor\u2026","rel":"","context":"In &quot;actualitati&quot;","block_context":{"text":"actualitati","link":"https:\/\/muzeusm.ro\/en\/category\/actualitati\/"},"img":{"alt_text":"","src":"https:\/\/i0.wp.com\/www.muzeusm.ro\/wp-content\/uploads\/2019\/03\/HateganSalajan-214x300.jpg?resize=350%2C200","width":350,"height":200},"classes":[]},{"id":1664,"url":"https:\/\/muzeusm.ro\/en\/oferta-muzeului-judetean-satu-mare-pentru-programul-national-scoala-altfel-18-04-22-04-2016\/","url_meta":{"origin":1778,"position":5},"title":"Oferta Muzeului Jude\u0163ean Satu Mare pentru programul na\u0163ional   \u201d\u015ecoala Altfel\u201d 18.04-22.04.2016","author":"Dobrescu Adela Catalina","date":"14 April 2016","format":false,"excerpt":"Oferta Muzeului Jude\u0163ean Satu Mare pentru programul na\u0163ional \u201d\u015ecoala Altfel\u201d 18.04-22.04.2016 Muzeul de Istorie-B-dul Vasile Lucaciu nr.21: Filmele documentare propuse pentru \u201e\u015ecoala altfel\u201dsunt dedicate educa\u0163iei ecologice \u015fi protej\u0103rii mediului \u00eenconjur\u0103tor MAR\u0162I 19.04.2016 Ora 10.00 - Hotelul pentru insecte \/ 12 min (Limba rom\u00e2n\u0103\/Limba maghiar\u0103) Liliecii \u00een Transilvania \/ 25 min\u2026","rel":"","context":"In &quot;actualitati&quot;","block_context":{"text":"actualitati","link":"https:\/\/muzeusm.ro\/en\/category\/actualitati\/"},"img":{"alt_text":"","src":"","width":0,"height":0},"classes":[]}],"jetpack_sharing_enabled":true,"jetpack_shortlink":"https:\/\/wp.me\/pfvnyQ-sG","_links":{"self":[{"href":"https:\/\/muzeusm.ro\/en\/wp-json\/wp\/v2\/posts\/1778","targetHints":{"allow":["GET"]}}],"collection":[{"href":"https:\/\/muzeusm.ro\/en\/wp-json\/wp\/v2\/posts"}],"about":[{"href":"https:\/\/muzeusm.ro\/en\/wp-json\/wp\/v2\/types\/post"}],"author":[{"embeddable":true,"href":"https:\/\/muzeusm.ro\/en\/wp-json\/wp\/v2\/users\/245723486"}],"replies":[{"embeddable":true,"href":"https:\/\/muzeusm.ro\/en\/wp-json\/wp\/v2\/comments?post=1778"}],"version-history":[{"count":0,"href":"https:\/\/muzeusm.ro\/en\/wp-json\/wp\/v2\/posts\/1778\/revisions"}],"wp:attachment":[{"href":"https:\/\/muzeusm.ro\/en\/wp-json\/wp\/v2\/media?parent=1778"}],"wp:term":[{"taxonomy":"category","embeddable":true,"href":"https:\/\/muzeusm.ro\/en\/wp-json\/wp\/v2\/categories?post=1778"},{"taxonomy":"post_tag","embeddable":true,"href":"https:\/\/muzeusm.ro\/en\/wp-json\/wp\/v2\/tags?post=1778"}],"curies":[{"name":"wp","href":"https:\/\/api.w.org\/{rel}","templated":true}]}}