{"id":17284,"date":"2026-02-25T12:52:53","date_gmt":"2026-02-25T10:52:53","guid":{"rendered":"https:\/\/muzeusm.ro\/?p=17284"},"modified":"2026-04-28T11:16:08","modified_gmt":"2026-04-28T08:16:08","slug":"satu-mare-studii-si-comunicari","status":"publish","type":"post","link":"https:\/\/muzeusm.ro\/en\/satu-mare-studii-si-comunicari\/","title":{"rendered":"\u201eSATU MARE. STUDII \u015eI COMUNIC\u0102RI\u201d"},"content":{"rendered":"\n<p class=\"has-text-align-center\">Short overview<\/p>\n\n\n\n<p>The scientific yearbook published by the Satu Mare County Museum, the journal <em>Satu Mare. Studies and Communications<\/em>, is among the first publications of its kind to appear in Transylvania.<\/p>\n\n\n\n<p>The first issue of the journal was published in 1969, under the responsibility of Dr. Tiberiu Bader, the director of the institution at that time. The publication was later continued, through remarkable efforts, by the institution\u2019s subsequent directors, such as Viorica Ursu Bil\u0163, Gheorghe Lazin and, last but not least, Prof. Dr. Doru Radosav, who led the Satu Mare Museum from 1977 to 1990.<\/p>\n\n\n\n<p>The management\u2019s attention to the institution\u2019s yearbook continued after 1990 as well, under entirely different financial conditions, during the mandates of directors Ilie S\u0103lceanu, Viorel Ciubot\u0103, Felician Pop, and Liviu Marta.<\/p>\n\n\n\n<p>Over time, the journal and the publications of the Satu Mare County Museum have featured prominent cultural personalities from both Romania and abroad\u2014members of academies, university professors, and distinguished researchers\u2014who have brought great honor to the journal and our institution. Among the notable names are: Pompiliu Teodor, Ioan-Aurel Pop, Doru Radosav, Ioni\u0163\u0103 G. Andron, Carol Koracsonyi, Nae Antonescu, Sever Dumitra\u015fcu, Ladislau Gy\u00e9m\u00e1nt, Nicolae Boc\u015fan, Viorel Faur, Dumitru \u015eandru, Gavril Ardelean, Susana and Avram Andea, Vasile Veti\u015fanu, Livia Bac\u00e2ru, Toader Nicoar\u0103, Valeriu Florin Dobrinescu, Gheorghe Buzatu, Gheorghe Oni\u015foru, Cornel Grad, Ioan Chindri\u015f, Gheorghe Foc\u015fa, Ioan Stanciu, Marius Diaconescu, Vjaceslav Kotigorosko, Ign\u00e1c Romsics, P\u00e9ter N\u00e9met, Sabin Luca, B\u00e9ni Balogh, Dumitru Suciu, Stelian M\u00e2ndru\u0163, Ottmar Tra\u015fc\u0103, Vasile Ciobanu, and others.<\/p>\n\n\n\n<p>Starting in 2004, due to the journal\u2019s development and the increase in the number of articles, it was decided to divide it into several series: archaeology; history\u2013ethnography\u2013art; and natural sciences. These three series were published in separate volumes, each coordinated by specialists in the respective fields.<\/p>\n\n\n\n<p>Today, after more than 50 years of active presence in the historiographical field, following the decision of the Board of Directors of the Satu Mare County Museum on January 9, 2024, the composition of the Editorial Board and the Scientific Board, as well as the new leadership of the Scientific Board of the journal <em>Satu Mare. Studies and Communications<\/em>, have been approved. Furthermore, it was decided that starting in 2024, the three journals published by the Satu Mare County Museum would be unified into a single format under the title <em>Satu Mare. Studies and Communications<\/em>, thus returning to the journal\u2019s original structure.<\/p>\n\n\n\n<p>The journal\u2019s consistent activity is primarily due to the editorial team and the scientific board: <\/p>\n\n\n\n<p><strong>Chief redactor: <\/strong><\/p>\n\n\n\n<p>C.S. I dr. Claudiu Porumb\u0103cean <\/p>\n\n\n\n<p><strong>Editorial Board: <\/strong><\/p>\n\n\n\n<p>Dr. Robert Gindele, responsabil sec\u021biunea Arheologie<\/p>\n\n\n\n<p>Dr. Maria Lobon\u021b-Pu\u0219ca\u0219, responsabil sec\u021biunea Etnografie<\/p>\n\n\n\n<p>Fetyk\u00f3 Erika, responsabil sec\u021biunea Art\u0103<\/p>\n\n\n\n<p>Adela Dobrescu, responsabil sec\u021biune Restaurare \u2013 Conservare<\/p>\n\n\n\n<p>L\u0151rincz Norbert, responsabil versiune digital\u0103<\/p>\n\n\n\n<p>Dr. Paula Virag, responsabil sec\u021biunea Istorie<\/p>\n\n\n\n<p>Sike Tam\u00e1s, responsabil sec\u021biunea \u0218tiin\u021bele naturii<\/p>\n\n\n\n<p><strong>Editorial Secretary: <\/strong><\/p>\n\n\n\n<p>Dr. Cristian Virag <\/p>\n\n\n\n<p><strong>Scientific Board:<\/strong><\/p>\n\n\n\n<p>Acad. Ioan Bolovan, Institutul de Istorie \u201eGeorge Bari\u021biu\u201d, Cluj Napoca, Rom\u00e2nia<\/p>\n\n\n\n<p>Prof. univ. dr. Ovidiu Ghitta, Universitatea \u201eBabe\u0219-Bolyai\u201d, Cluj Napoca, Rom\u00e2nia<\/p>\n\n\n\n<p>Dr. Balogh B\u00e9ni, Institul de cercetarea minorit\u0103\u021bilor a Academiei, Budapesta, Ungaria<\/p>\n\n\n\n<p>C.S. I dr. Camelia Burghele, Muzeul Jude\u021bean de Istorie \u0219i Art\u0103 Zal\u0103u, Rom\u00e2nia<\/p>\n\n\n\n<p>Conf. univ. dr. Valentin Orga, Universitatea \u201eBabe\u0219-Bolyai\u201d, Cluj Napoca, Rom\u00e2nia<\/p>\n\n\n\n<p>Conf. univ. dr. Ionu\u021b Costea, Universitatea \u201eBabe\u0219-Bolyai\u201d, Cluj Napoca, Rom\u00e2nia<\/p>\n\n\n\n<p>C.S. I dr. Ottmar Tra\u0219c\u0103, Institutul de Istorie \u201eGeorge Bari\u021biu\u201d, Cluj Napoca, Rom\u00e2nia<\/p>\n\n\n\n<p>Dr. Jakab Albert Zsolt, Universitatea \u201eBabe\u0219-Bolyai\u201d, Cluj Napoca, Rom\u00e2nia<\/p>\n\n\n\n<p>C.S. I dr. Horea Pop, Muzeul Jude\u021bean de Istorie \u0219i Art\u0103 Zal\u0103u, Rom\u00e2nia<\/p>\n\n\n\n<p>Dr. Mirela Cre\u021bu, Complexul Muzeal Na\u021bional ASTRA Sibiu, Rom\u00e2nia<\/p>\n\n\n\n<p>Conf.&nbsp; dr. Moln\u00e1r Zsolt, Universitatea \u201eBabe\u0219-Bolyai\u201d, Cluj Napoca, Rom\u00e2nia<\/p>\n\n\n\n<p>C.S. I dr. Ioan Stanciu, Institutul de Arheologie \u0219i Istoria Artei, Cluj Napoca, Rom\u00e2nia<\/p>\n\n\n\n<p>C.S. I dr. Florin Gog\u00e2ltan, Institutul de Arheologie \u0219i Istoria Artei, Cluj Napoca, Rom\u00e2nia<\/p>\n\n\n\n<p>Dr. Carol Kar\u00e1csonyi, Satu Mare, Rom\u00e2nia<\/p>\n\n\n\n<p>Dr. Szil\u00e1gyi Levente, Institutul de Etnografie a Academiei, Budapesta, Ungaria<\/p>\n\n\n\n<p>Dr. Kulcs\u00e1r Valeria, Universitatea Szeged, Institutul de Arheologie \u0219i Istoria Antic\u0103<\/p>\n\n\n\n<p>Dr. Terdik Szilveszter, Muzeul de Art\u0103 Aplicat\u0103, Budapesta<\/p>\n\n\n\n<p>Conf. dr. Cserveny\u00e1k L\u00e1szl\u00f3 \u2013 Universitatea Debrecen, Ungaria&nbsp;Muzeul M\u00e1t\u00e9szalka<\/p>\n\n\n\n<p>Prof. habil. Dr. Constantin Ungureanu, Institute of History, Moldova State University, Chi\u0219in\u0103u, Republic of Moldova.<\/p>\n\n\n\n<p>Ten years ago, we succeeded in completing the digitization process, so our yearbook can now be consulted and downloaded from our institution\u2019s website: <a>www.muzeusm.ro<\/a><\/p>\n","protected":false},"excerpt":{"rendered":"<p>Short overview The scientific yearbook published by the Satu Mare County Museum, the journal Satu Mare. Studies and Communications, is among the first publications of its kind to appear in Transylvania. The first issue of the journal was published in 1969, under the responsibility of Dr. Tiberiu Bader, the director of the institution at that<a class=\"more-link\" href=\"https:\/\/muzeusm.ro\/en\/satu-mare-studii-si-comunicari\/\">Continue reading <span class=\"screen-reader-text\">&#8220;\u201eSATU MARE. STUDII \u015eI COMUNIC\u0102RI\u201d&#8221;<\/span><\/a><\/p>\n","protected":false},"author":243833644,"featured_media":0,"comment_status":"open","ping_status":"open","sticky":false,"template":"","format":"standard","meta":{"_coblocks_attr":"","_coblocks_dimensions":"","_coblocks_responsive_height":"","_coblocks_accordion_ie_support":"","advanced_seo_description":"","jetpack_seo_html_title":"","jetpack_seo_noindex":false,"jetpack_post_was_ever_published":false,"_jetpack_newsletter_access":"","_jetpack_dont_email_post_to_subs":false,"_jetpack_newsletter_tier_id":0,"_jetpack_memberships_contains_paywalled_content":false,"_jetpack_memberships_contains_paid_content":false,"footnotes":"","jetpack_publicize_message":"","jetpack_publicize_feature_enabled":true,"jetpack_social_post_already_shared":true,"jetpack_social_options":{"image_generator_settings":{"template":"highway","default_image_id":0,"font":"","enabled":false},"version":2}},"categories":[57930],"tags":[],"class_list":["post-17284","post","type-post","status-publish","format-standard","hentry","category-fara-categorie","entry"],"translation":{"provider":"WPGlobus","version":"3.0.1","language":"en","enabled_languages":["ro","hu","en"],"languages":{"ro":{"title":true,"content":true,"excerpt":false},"hu":{"title":false,"content":false,"excerpt":false},"en":{"title":true,"content":true,"excerpt":false}}},"jetpack_publicize_connections":[],"jetpack_featured_media_url":"","jetpack_likes_enabled":true,"jetpack-related-posts":[{"id":1272,"url":"https:\/\/muzeusm.ro\/en\/studii-si-comunicari-2\/","url_meta":{"origin":17284,"position":0},"title":"Studii \u0219i Comunic\u0103ri","author":"Gordan Csilla","date":"10 December 2015","format":false,"excerpt":"\u201eSatu Mare. Studii \u015fi comunic\u0103ri\u201d. Scurt istoric Primul num\u0103r al revistei a ap\u0103rut \u00een anul 1969, av\u00e2ndu-l ca responsabil pe dr. Tiberiu Bader, directorul institu\u021biei la acea dat\u0103, publica\u0163ia fiind dus\u0103 apoi mai departe, cu eforturi remarcabile, de prof. dr. Doru Radosav, care a condus Muzeul din Satu Mare p\u00e2n\u0103\u2026","rel":"","context":"In &quot;StudiiComunicari&quot;","block_context":{"text":"StudiiComunicari","link":"https:\/\/muzeusm.ro\/en\/category\/studiicomunicari\/"},"img":{"alt_text":"","src":"","width":0,"height":0},"classes":[]},{"id":13668,"url":"https:\/\/muzeusm.ro\/en\/editura-2\/","url_meta":{"origin":17284,"position":1},"title":"Editura Kiadv\u00e1ny Publisher","author":"Gordan Csilla","date":"4 December 2013","format":false,"excerpt":"Activ\u00e2nd din 1995, \u00een cadrul Muzeului Jude\u0163ean Satu Mare, Editura Muzeului S\u0103tm\u0103rean a editat p\u00e2n\u0103 \u00een prezent un num\u0103r mare de lucr\u0103ri de arheologie, istorie, etnografie, istorie a artei, restaurare-conservare \u015fi \u015ftiin\u0163ele naturii, toate reprezent\u00e2nd rezultatul cercet\u0103rii desf\u0103\u015furate de c\u0103tre speciali\u015ftii acestei institu\u0163ii sau de c\u0103tre colaboratori de seam\u0103 a\u2026","rel":"","context":"In &quot;F\u0103r\u0103 categorie&quot;","block_context":{"text":"F\u0103r\u0103 categorie","link":"https:\/\/muzeusm.ro\/en\/category\/fara-categorie\/"},"img":{"alt_text":"","src":"","width":0,"height":0},"classes":[]},{"id":7462,"url":"https:\/\/muzeusm.ro\/en\/editura-muzeului-satmarean-25-de-ani\/","url_meta":{"origin":17284,"position":2},"title":"EDITURA MUZEULUI S\u0102TM\u0102REAN  &#8211;  25 DE ANI","author":"Popdan Bradut","date":"3 August 2020","format":false,"excerpt":"Ieri, 2 august 2020, s-au \u00eemplinit 25 de ani de c\u00e2nd muzeul nostru a primit Atestatul de acreditare a \u201dEditurii Muzeului S\u0103tm\u0103rean\u201d\u00a0Eram cel de-al treilea muzeu din Rom\u00e2nia care avea editur\u0103 proprie, o realizare important\u0103 \u00een acele vremuri, demersurile, documentele \u0219i portofoliul necesare acredit\u0103rii \u00a0demar\u00e2ndu-le \u00eenc\u0103 din anul 1994. Prima\u2026","rel":"","context":"In &quot;actualitati&quot;","block_context":{"text":"actualitati","link":"https:\/\/muzeusm.ro\/en\/category\/actualitati\/"},"img":{"alt_text":"","src":"https:\/\/i0.wp.com\/www.muzeusm.ro\/wp-content\/uploads\/2020\/08\/DOC076-300x203.jpg?resize=350%2C200","width":350,"height":200},"classes":[]},{"id":3150,"url":"https:\/\/muzeusm.ro\/en\/sesiunea-de-comunicari-stiintifice-1918-sfarsit-si-inceput-de-drum-transformari-geopolitice-in-europa-centrala-si-de-est\/","url_meta":{"origin":17284,"position":3},"title":"Sesiunea de Comunic\u0103ri \u015etiin\u0163ifice \u201e1918 \u2013 SF\u00c2R\u015eIT \u015eI \u00ceNCEPUT DE DRUM. TRANSFORM\u0102RI GEOPOLITICE \u00ceN EUROPA CENTRAL\u0102 \u015eI DE EST\u201d","author":"Dobrescu Adela Catalina","date":"17 April 2018","format":false,"excerpt":"Sesiunea de Comunic\u0103ri \u015etiin\u0163ifice\u00a0\u201e1918 \u2013 SF\u00c2R\u015eIT \u015eI \u00ceNCEPUT DE DRUM. TRANSFORM\u0102RI GEOPOLITICE \u00ceN EUROPA CENTRAL\u0102 \u015eI DE EST\u201d Muzeul Jude\u0163ean Satu Mare, \u00een cadrul evenimentelor dedicate Anului Centenar, organizeaz\u0103 Sesiunea de comunic\u0103ri \u015ftiin\u0163ifice intitulat\u0103 \u201e1918 \u2013 Sf\u00e2r\u015fit \u015fi \u00eenceput de drum. Transform\u0103ri geopolitice \u00een Europa Central\u0103 \u015fi de Est\u201d, eveniment\u2026","rel":"","context":"In &quot;actualitati&quot;","block_context":{"text":"actualitati","link":"https:\/\/muzeusm.ro\/en\/category\/actualitati\/"},"img":{"alt_text":"","src":"https:\/\/i0.wp.com\/www.muzeusm.ro\/wp-content\/uploads\/2018\/04\/afis-conf-unire-207x300.jpg?resize=350%2C200","width":350,"height":200},"classes":[]},{"id":13074,"url":"https:\/\/muzeusm.ro\/en\/anul-editorial-satmarean-4-premii-obtinute-de-specialistii-muzeului-judetean-satu-mare\/","url_meta":{"origin":17284,"position":4},"title":"ANUL EDITORIAL S\u0102TM\u0102REAN \u2013  4 PREMII OB\u021aINUTE DE SPECIALI\u0218TII MUZEULUI JUDE\u021aEAN SATU MARE","author":"andreeaionetecu","date":"20 November 2023","format":false,"excerpt":"An cu rodnicie pentru Muzeul Jude\u021bean Satu Mare, oglindit\u0103 \u0219i prin cele 4 premii ob\u021binute ca rezultat al muncii de cercetare, valorificare \u0219tiin\u021biific\u0103 \u0219i promovare a patrimoniului muzeal \u0219i cultural, aflat at\u00e2t \u00een colec\u021biile muzeului nostru, c\u00e2t \u0219i \u00een fonduri arhivistice na\u021bionale sau regionale, inclusiv cele din zona transfrontalier\u0103 Rom\u00e2nia\u2026","rel":"","context":"In &quot;actualitati&quot;","block_context":{"text":"actualitati","link":"https:\/\/muzeusm.ro\/en\/category\/actualitati\/"},"img":{"alt_text":"","src":"https:\/\/i0.wp.com\/www.muzeusm.ro\/wp-content\/uploads\/2023\/11\/401110717_857379189723218_6732735336475446579_n-300x135.jpg?resize=350%2C200","width":350,"height":200},"classes":[]},{"id":17339,"url":"https:\/\/muzeusm.ro\/en\/editura-muzeului-satmarean\/","url_meta":{"origin":17284,"position":5},"title":"Editura Muzeului S\u0103tm\u0103rean","author":"norbertlorincz","date":"22 April 2026","format":false,"excerpt":"Prezentarea Editurii: Scurt\u0103 descriere a Editurii \u00cenfiin\u021barea editurii a stimulat activitatea editorial\u0103 a muzeului, care \u00eencepuse \u00een 1969, o dat\u0103 cu singura sa publica\u021bie de la acea vreme, anuarul \u201eSatu Mare. Studii \u0219i Comunic\u0103ri\u201d. Urm\u0103torii dou\u0103zeci \u0219i cinci de ani s-au dovedit extrem de productivi, cu peste 300 de publica\u021bii\u2026","rel":"","context":"In &quot;F\u0103r\u0103 categorie&quot;","block_context":{"text":"F\u0103r\u0103 categorie","link":"https:\/\/muzeusm.ro\/en\/category\/fara-categorie\/"},"img":{"alt_text":"","src":"","width":0,"height":0},"classes":[]}],"jetpack_sharing_enabled":true,"jetpack_shortlink":"https:\/\/wp.me\/pfvnyQ-4uM","_links":{"self":[{"href":"https:\/\/muzeusm.ro\/en\/wp-json\/wp\/v2\/posts\/17284","targetHints":{"allow":["GET"]}}],"collection":[{"href":"https:\/\/muzeusm.ro\/en\/wp-json\/wp\/v2\/posts"}],"about":[{"href":"https:\/\/muzeusm.ro\/en\/wp-json\/wp\/v2\/types\/post"}],"author":[{"embeddable":true,"href":"https:\/\/muzeusm.ro\/en\/wp-json\/wp\/v2\/users\/243833644"}],"replies":[{"embeddable":true,"href":"https:\/\/muzeusm.ro\/en\/wp-json\/wp\/v2\/comments?post=17284"}],"version-history":[{"count":3,"href":"https:\/\/muzeusm.ro\/en\/wp-json\/wp\/v2\/posts\/17284\/revisions"}],"predecessor-version":[{"id":17344,"href":"https:\/\/muzeusm.ro\/en\/wp-json\/wp\/v2\/posts\/17284\/revisions\/17344"}],"wp:attachment":[{"href":"https:\/\/muzeusm.ro\/en\/wp-json\/wp\/v2\/media?parent=17284"}],"wp:term":[{"taxonomy":"category","embeddable":true,"href":"https:\/\/muzeusm.ro\/en\/wp-json\/wp\/v2\/categories?post=17284"},{"taxonomy":"post_tag","embeddable":true,"href":"https:\/\/muzeusm.ro\/en\/wp-json\/wp\/v2\/tags?post=17284"}],"curies":[{"name":"wp","href":"https:\/\/api.w.org\/{rel}","templated":true}]}}