{"id":1721,"date":"2016-05-17T06:34:11","date_gmt":"2016-05-17T06:34:11","guid":{"rendered":"http:\/\/www.muzeusm.ro\/?p=1721"},"modified":"2016-05-17T06:34:11","modified_gmt":"2016-05-17T06:34:11","slug":"vernisaj-expo-atelier","status":"publish","type":"post","link":"https:\/\/muzeusm.ro\/en\/vernisaj-expo-atelier\/","title":{"rendered":"Vernisaj Expo Atelier"},"content":{"rendered":"<p><a href=\"http:\/\/www.muzeusm.ro\/wp-content\/uploads\/2016\/05\/MG_6056.jpg\"><img loading=\"lazy\" decoding=\"async\" data-attachment-id=\"1722\" data-permalink=\"https:\/\/muzeusm.ro\/en\/_mg_6056\/\" data-orig-file=\"https:\/\/muzeusm.ro\/wp-content\/uploads\/2016\/05\/MG_6056.jpg\" data-orig-size=\"630,945\" data-comments-opened=\"1\" data-image-meta=\"{&quot;aperture&quot;:&quot;5.6&quot;,&quot;credit&quot;:&quot;&quot;,&quot;camera&quot;:&quot;Canon EOS 500D&quot;,&quot;caption&quot;:&quot;&quot;,&quot;created_timestamp&quot;:&quot;1463073106&quot;,&quot;copyright&quot;:&quot;&quot;,&quot;focal_length&quot;:&quot;18&quot;,&quot;iso&quot;:&quot;800&quot;,&quot;shutter_speed&quot;:&quot;0.00025&quot;,&quot;title&quot;:&quot;&quot;,&quot;orientation&quot;:&quot;1&quot;}\" data-image-title=\"_MG_6056\" data-image-description=\"\" data-image-caption=\"\" data-medium-file=\"https:\/\/muzeusm.ro\/wp-content\/uploads\/2016\/05\/MG_6056-200x300.jpg\" data-large-file=\"https:\/\/muzeusm.ro\/wp-content\/uploads\/2016\/05\/MG_6056.jpg\" class=\"alignright size-medium wp-image-1722\" alt=\"_MG_6056\" src=\"http:\/\/www.muzeusm.ro\/wp-content\/uploads\/2016\/05\/MG_6056-200x300.jpg\" width=\"200\" height=\"300\" srcset=\"https:\/\/muzeusm.ro\/wp-content\/uploads\/2016\/05\/MG_6056-200x300.jpg 200w, https:\/\/muzeusm.ro\/wp-content\/uploads\/2016\/05\/MG_6056.jpg 630w\" sizes=\"auto, (max-width: 200px) 100vw, 200px\" \/><\/a><\/p>\n<p><a href=\"http:\/\/www.muzeusm.ro\/wp-content\/uploads\/2016\/05\/MG_6058.jpg\"><img loading=\"lazy\" decoding=\"async\" data-attachment-id=\"1723\" data-permalink=\"https:\/\/muzeusm.ro\/en\/_mg_6058\/\" data-orig-file=\"https:\/\/muzeusm.ro\/wp-content\/uploads\/2016\/05\/MG_6058.jpg\" data-orig-size=\"1417,945\" data-comments-opened=\"1\" data-image-meta=\"{&quot;aperture&quot;:&quot;5.6&quot;,&quot;credit&quot;:&quot;&quot;,&quot;camera&quot;:&quot;Canon EOS 500D&quot;,&quot;caption&quot;:&quot;&quot;,&quot;created_timestamp&quot;:&quot;1463073325&quot;,&quot;copyright&quot;:&quot;&quot;,&quot;focal_length&quot;:&quot;21&quot;,&quot;iso&quot;:&quot;3200&quot;,&quot;shutter_speed&quot;:&quot;0.0125&quot;,&quot;title&quot;:&quot;&quot;,&quot;orientation&quot;:&quot;1&quot;}\" data-image-title=\"_MG_6058\" data-image-description=\"\" data-image-caption=\"\" data-medium-file=\"https:\/\/muzeusm.ro\/wp-content\/uploads\/2016\/05\/MG_6058-300x200.jpg\" data-large-file=\"https:\/\/muzeusm.ro\/wp-content\/uploads\/2016\/05\/MG_6058-1024x683.jpg\" class=\"alignright size-medium wp-image-1723\" alt=\"_MG_6058\" src=\"http:\/\/www.muzeusm.ro\/wp-content\/uploads\/2016\/05\/MG_6058-300x200.jpg\" width=\"300\" height=\"200\" srcset=\"https:\/\/muzeusm.ro\/wp-content\/uploads\/2016\/05\/MG_6058-300x200.jpg 300w, https:\/\/muzeusm.ro\/wp-content\/uploads\/2016\/05\/MG_6058-1024x683.jpg 1024w, https:\/\/muzeusm.ro\/wp-content\/uploads\/2016\/05\/MG_6058-768x512.jpg 768w, https:\/\/muzeusm.ro\/wp-content\/uploads\/2016\/05\/MG_6058.jpg 1417w\" sizes=\"auto, (max-width: 300px) 100vw, 300px\" \/><\/a><\/p>\n<p><a href=\"http:\/\/www.muzeusm.ro\/wp-content\/uploads\/2016\/05\/MG_6059.jpg\"><img loading=\"lazy\" decoding=\"async\" data-attachment-id=\"1724\" data-permalink=\"https:\/\/muzeusm.ro\/en\/_mg_6059\/\" data-orig-file=\"https:\/\/muzeusm.ro\/wp-content\/uploads\/2016\/05\/MG_6059.jpg\" data-orig-size=\"1417,945\" data-comments-opened=\"1\" data-image-meta=\"{&quot;aperture&quot;:&quot;5.6&quot;,&quot;credit&quot;:&quot;&quot;,&quot;camera&quot;:&quot;Canon EOS 500D&quot;,&quot;caption&quot;:&quot;&quot;,&quot;created_timestamp&quot;:&quot;1463073338&quot;,&quot;copyright&quot;:&quot;&quot;,&quot;focal_length&quot;:&quot;21&quot;,&quot;iso&quot;:&quot;3200&quot;,&quot;shutter_speed&quot;:&quot;0.00625&quot;,&quot;title&quot;:&quot;&quot;,&quot;orientation&quot;:&quot;1&quot;}\" data-image-title=\"_MG_6059\" data-image-description=\"\" data-image-caption=\"\" data-medium-file=\"https:\/\/muzeusm.ro\/wp-content\/uploads\/2016\/05\/MG_6059-300x200.jpg\" data-large-file=\"https:\/\/muzeusm.ro\/wp-content\/uploads\/2016\/05\/MG_6059-1024x683.jpg\" class=\"alignright size-medium wp-image-1724\" alt=\"_MG_6059\" src=\"http:\/\/www.muzeusm.ro\/wp-content\/uploads\/2016\/05\/MG_6059-300x200.jpg\" width=\"300\" height=\"200\" srcset=\"https:\/\/muzeusm.ro\/wp-content\/uploads\/2016\/05\/MG_6059-300x200.jpg 300w, https:\/\/muzeusm.ro\/wp-content\/uploads\/2016\/05\/MG_6059-1024x683.jpg 1024w, https:\/\/muzeusm.ro\/wp-content\/uploads\/2016\/05\/MG_6059-768x512.jpg 768w, https:\/\/muzeusm.ro\/wp-content\/uploads\/2016\/05\/MG_6059.jpg 1417w\" sizes=\"auto, (max-width: 300px) 100vw, 300px\" \/><\/a><\/p>\n","protected":false},"excerpt":{"rendered":"","protected":false},"author":245723486,"featured_media":0,"comment_status":"open","ping_status":"open","sticky":false,"template":"","format":"standard","meta":{"_coblocks_attr":"","_coblocks_dimensions":"","_coblocks_responsive_height":"","_coblocks_accordion_ie_support":"","advanced_seo_description":"","jetpack_seo_html_title":"","jetpack_seo_noindex":false,"jetpack_post_was_ever_published":false,"_jetpack_newsletter_access":"","_jetpack_dont_email_post_to_subs":false,"_jetpack_newsletter_tier_id":0,"_jetpack_memberships_contains_paywalled_content":false,"_jetpack_memberships_contains_paid_content":false,"footnotes":"","jetpack_publicize_message":"","jetpack_publicize_feature_enabled":true,"jetpack_social_post_already_shared":false,"jetpack_social_options":{"image_generator_settings":{"template":"highway","default_image_id":0,"font":"","enabled":false},"version":2}},"categories":[6498592,6498593],"tags":[],"class_list":["post-1721","post","type-post","status-publish","format-standard","hentry","category-actualitati","category-uncategorized","entry"],"translation":{"provider":"WPGlobus","version":"3.0.1","language":"en","enabled_languages":["ro","hu","en"],"languages":{"ro":{"title":true,"content":true,"excerpt":false},"hu":{"title":false,"content":false,"excerpt":false},"en":{"title":false,"content":false,"excerpt":false}}},"jetpack_publicize_connections":[],"jetpack_featured_media_url":"","jetpack_likes_enabled":true,"jetpack-related-posts":[{"id":3074,"url":"https:\/\/muzeusm.ro\/en\/vernisaj-expo-atelier-2018\/","url_meta":{"origin":1721,"position":0},"title":"Vernisaj Expo &#8220;Atelier 2018&#8221;","author":"norbertlorincz","date":"14 March 2018","format":false,"excerpt":"","rel":"","context":"In &quot;actualitati&quot;","block_context":{"text":"actualitati","link":"https:\/\/muzeusm.ro\/en\/category\/actualitati\/"},"img":{"alt_text":"","src":"https:\/\/i0.wp.com\/www.muzeusm.ro\/wp-content\/uploads\/2018\/03\/MG_1543-300x200.jpg?resize=350%2C200","width":350,"height":200},"classes":[]},{"id":1697,"url":"https:\/\/muzeusm.ro\/en\/expozitie-de-arta-plastica-contemporana-atelier\/","url_meta":{"origin":1721,"position":1},"title":"Expozi\u0163ie de art\u0103 plastic\u0103 contemporan\u0103 \u201eAtelier\u201d","author":"Dobrescu Adela Catalina","date":"11 May 2016","format":false,"excerpt":"Muzeul Jude\u0163ean Satu Mare- Sec\u0163ia de Art\u0103, are pl\u0103cerea s\u0103 v\u0103 invite la vernisajul expozi\u0163iei de art\u0103 plastic\u0103 contemporan\u0103: \u201eAtelier\u201d. Manifestarea ajuns\u0103 la a 5-a edi\u0163ie, reune\u015fte \u00een acest an 11 arti\u015fti vizuali, care prezint\u0103 publicului s\u0103tm\u0103rean ultimele lor lucr\u0103ri, realizate \u00een spa\u0163iile de crea\u0163ie de pe strada \u015etrandului nr.\u2026","rel":"","context":"In &quot;actualitati&quot;","block_context":{"text":"actualitati","link":"https:\/\/muzeusm.ro\/en\/category\/actualitati\/"},"img":{"alt_text":"afisatelier2 copy","src":"https:\/\/i0.wp.com\/www.muzeusm.ro\/wp-content\/uploads\/2016\/05\/afisatelier2-copy-300x225.jpg?resize=350%2C200","width":350,"height":200},"classes":[]},{"id":3000,"url":"https:\/\/muzeusm.ro\/en\/vernisaj-expo-foto-vasile-octavian-pop\/","url_meta":{"origin":1721,"position":2},"title":"Vernisaj Expo Foto: Vasile Octavian Pop","author":"norbertlorincz","date":"31 January 2018","format":false,"excerpt":"Vernisaj Expo Foto: Vasile Octavian Pop","rel":"","context":"In &quot;actualitati&quot;","block_context":{"text":"actualitati","link":"https:\/\/muzeusm.ro\/en\/category\/actualitati\/"},"img":{"alt_text":"","src":"https:\/\/i0.wp.com\/www.muzeusm.ro\/wp-content\/uploads\/2018\/01\/MG_1167-300x200.jpg?resize=350%2C200","width":350,"height":200},"classes":[]},{"id":4819,"url":"https:\/\/muzeusm.ro\/en\/vernisaj-expo-portrete-din-colectii-satmarene\/","url_meta":{"origin":1721,"position":3},"title":"Vernisaj expo &#8221; PORTRETE din colec\u0163ii s\u0103tm\u0103rene &#8220;","author":"Popdan Bradut","date":"5 June 2019","format":false,"excerpt":"","rel":"","context":"In &quot;actualitati&quot;","block_context":{"text":"actualitati","link":"https:\/\/muzeusm.ro\/en\/category\/actualitati\/"},"img":{"alt_text":"","src":"https:\/\/i0.wp.com\/www.muzeusm.ro\/wp-content\/uploads\/2019\/06\/MG_5647-300x200.jpg?resize=350%2C200","width":350,"height":200},"classes":[]},{"id":3426,"url":"https:\/\/muzeusm.ro\/en\/vernisaj-expo-omagiu-mainii-greti-papiu\/","url_meta":{"origin":1721,"position":4},"title":"Vernisaj-Expo \u201dOmagiu m\u00e2inii\u201d &#8211; Greti Papiu","author":"norbertlorincz","date":"6 June 2018","format":false,"excerpt":"","rel":"","context":"In &quot;actualitati&quot;","block_context":{"text":"actualitati","link":"https:\/\/muzeusm.ro\/en\/category\/actualitati\/"},"img":{"alt_text":"","src":"https:\/\/i0.wp.com\/www.muzeusm.ro\/wp-content\/uploads\/2018\/06\/MG_2403-200x300.jpg?resize=350%2C200","width":350,"height":200},"classes":[]},{"id":7566,"url":"https:\/\/muzeusm.ro\/en\/vernisaj-expo-foto-o-nunta-doua-nunti-selectiuni\/","url_meta":{"origin":1721,"position":5},"title":"Vernisaj expo foto \u201d O nunt\u0103.Dou\u0103 nun\u021bi \u201d &#8211; selec\u021biuni","author":"Popdan Bradut","date":"18 August 2020","format":false,"excerpt":"","rel":"","context":"In &quot;actualitati&quot;","block_context":{"text":"actualitati","link":"https:\/\/muzeusm.ro\/en\/category\/actualitati\/"},"img":{"alt_text":"","src":"","width":0,"height":0},"classes":[]}],"jetpack_sharing_enabled":true,"jetpack_shortlink":"https:\/\/wp.me\/pfvnyQ-rL","_links":{"self":[{"href":"https:\/\/muzeusm.ro\/en\/wp-json\/wp\/v2\/posts\/1721","targetHints":{"allow":["GET"]}}],"collection":[{"href":"https:\/\/muzeusm.ro\/en\/wp-json\/wp\/v2\/posts"}],"about":[{"href":"https:\/\/muzeusm.ro\/en\/wp-json\/wp\/v2\/types\/post"}],"author":[{"embeddable":true,"href":"https:\/\/muzeusm.ro\/en\/wp-json\/wp\/v2\/users\/245723486"}],"replies":[{"embeddable":true,"href":"https:\/\/muzeusm.ro\/en\/wp-json\/wp\/v2\/comments?post=1721"}],"version-history":[{"count":0,"href":"https:\/\/muzeusm.ro\/en\/wp-json\/wp\/v2\/posts\/1721\/revisions"}],"wp:attachment":[{"href":"https:\/\/muzeusm.ro\/en\/wp-json\/wp\/v2\/media?parent=1721"}],"wp:term":[{"taxonomy":"category","embeddable":true,"href":"https:\/\/muzeusm.ro\/en\/wp-json\/wp\/v2\/categories?post=1721"},{"taxonomy":"post_tag","embeddable":true,"href":"https:\/\/muzeusm.ro\/en\/wp-json\/wp\/v2\/tags?post=1721"}],"curies":[{"name":"wp","href":"https:\/\/api.w.org\/{rel}","templated":true}]}}