{"id":1715,"date":"2016-05-16T07:31:08","date_gmt":"2016-05-16T07:31:08","guid":{"rendered":"http:\/\/www.muzeusm.ro\/?p=1715"},"modified":"2016-05-16T07:31:08","modified_gmt":"2016-05-16T07:31:08","slug":"ziua-internationala-a-muzeelor","status":"publish","type":"post","link":"https:\/\/muzeusm.ro\/en\/ziua-internationala-a-muzeelor\/","title":{"rendered":"ZIUA   INTERNA\u021aIONAL\u0102   A   MUZEELOR"},"content":{"rendered":"<p><a href=\"http:\/\/www.muzeusm.ro\/wp-content\/uploads\/2016\/05\/invitatie_afis.jpg\"><img loading=\"lazy\" decoding=\"async\" data-attachment-id=\"1716\" data-permalink=\"https:\/\/muzeusm.ro\/en\/invitatie_afis\/\" data-orig-file=\"https:\/\/muzeusm.ro\/wp-content\/uploads\/2016\/05\/invitatie_afis.jpg\" data-orig-size=\"675,945\" data-comments-opened=\"1\" data-image-meta=\"{&quot;aperture&quot;:&quot;0&quot;,&quot;credit&quot;:&quot;&quot;,&quot;camera&quot;:&quot;&quot;,&quot;caption&quot;:&quot;&quot;,&quot;created_timestamp&quot;:&quot;0&quot;,&quot;copyright&quot;:&quot;&quot;,&quot;focal_length&quot;:&quot;0&quot;,&quot;iso&quot;:&quot;0&quot;,&quot;shutter_speed&quot;:&quot;0&quot;,&quot;title&quot;:&quot;&quot;,&quot;orientation&quot;:&quot;1&quot;}\" data-image-title=\"invitatie_afis\" data-image-description=\"\" data-image-caption=\"\" data-medium-file=\"https:\/\/muzeusm.ro\/wp-content\/uploads\/2016\/05\/invitatie_afis-214x300.jpg\" data-large-file=\"https:\/\/muzeusm.ro\/wp-content\/uploads\/2016\/05\/invitatie_afis.jpg\" class=\"size-medium wp-image-1716 alignleft\" alt=\"invitatie_afis\" src=\"http:\/\/www.muzeusm.ro\/wp-content\/uploads\/2016\/05\/invitatie_afis-214x300.jpg\" width=\"214\" height=\"300\" srcset=\"https:\/\/muzeusm.ro\/wp-content\/uploads\/2016\/05\/invitatie_afis-214x300.jpg 214w, https:\/\/muzeusm.ro\/wp-content\/uploads\/2016\/05\/invitatie_afis.jpg 675w\" sizes=\"auto, (max-width: 214px) 100vw, 214px\" \/><\/a><\/p>\n<p><b>Consiliul Jude\u021bean Satu Mare, <\/b><b>Muzeul Jude\u021bean Satu Mare<\/b><b>, <\/b><strong>Muzeul Jude\u0163ean de Istorie \u015fi Art\u0103 \u2013 Zal\u0103u<\/strong><\/p>\n<p>V\u0103 invit\u0103 s\u0103 participa\u021bi la colocviul cu tema<\/p>\n<p><b><i>TERENUL ETNOGRAFIC \u00ceNTRE CERCETAREA \u0218TIIN\u021aIFIC\u0102 \u0218I MUZEOGRAFIE<\/i><\/b><i><\/i><\/p>\n","protected":false},"excerpt":{"rendered":"<p>Consiliul Jude\u021bean Satu Mare, Muzeul Jude\u021bean Satu Mare, Muzeul Jude\u0163ean de Istorie \u015fi Art\u0103 \u2013 Zal\u0103u V\u0103 invit\u0103 s\u0103 participa\u021bi la colocviul cu tema TERENUL ETNOGRAFIC \u00ceNTRE CERCETAREA \u0218TIIN\u021aIFIC\u0102 \u0218I MUZEOGRAFIE<\/p>\n","protected":false},"author":245723486,"featured_media":0,"comment_status":"open","ping_status":"open","sticky":false,"template":"","format":"standard","meta":{"_coblocks_attr":"","_coblocks_dimensions":"","_coblocks_responsive_height":"","_coblocks_accordion_ie_support":"","advanced_seo_description":"","jetpack_seo_html_title":"","jetpack_seo_noindex":false,"jetpack_post_was_ever_published":false,"_jetpack_newsletter_access":"","_jetpack_dont_email_post_to_subs":false,"_jetpack_newsletter_tier_id":0,"_jetpack_memberships_contains_paywalled_content":false,"_jetpack_memberships_contains_paid_content":false,"footnotes":"","jetpack_publicize_message":"","jetpack_publicize_feature_enabled":true,"jetpack_social_post_already_shared":false,"jetpack_social_options":{"image_generator_settings":{"template":"highway","default_image_id":0,"font":"","enabled":false},"version":2}},"categories":[6498592,6498593],"tags":[],"class_list":["post-1715","post","type-post","status-publish","format-standard","hentry","category-actualitati","category-uncategorized","entry"],"translation":{"provider":"WPGlobus","version":"3.0.1","language":"en","enabled_languages":["ro","hu","en"],"languages":{"ro":{"title":true,"content":true,"excerpt":false},"hu":{"title":false,"content":false,"excerpt":false},"en":{"title":false,"content":false,"excerpt":false}}},"jetpack_publicize_connections":[],"jetpack_featured_media_url":"","jetpack_likes_enabled":true,"jetpack-related-posts":[{"id":12467,"url":"https:\/\/muzeusm.ro\/en\/ziua-internationala-a-muzeelor-18-mai\/","url_meta":{"origin":1715,"position":0},"title":"ZIUA INTERNA\u021aIONAL\u0102 A MUZEELOR  &#8211; 18 MAI &#8211;","author":"Popdan Bradut","date":"18 May 2023","format":false,"excerpt":"\u00cencep\u00e2nd din anul 1977 ICOM (Consiliul Interna\u021bional al Muzeelor), organizeaz\u0103 ZIUA INTERNA\u021aIONAL\u0102 A MUZEELOR, obiectivul acestui eveniment fiind acela de a cre\u0219te gradul de con\u0219tientizare cu privire la faptul c\u0103 \u201emuzeele sunt un mijloc important de schimb cultural, de \u00eembog\u0103\u021bire a culturilor \u0219i de dezvoltare a \u00een\u021belegerii reciproce, a cooper\u0103rii\u2026","rel":"","context":"In &quot;actualitati&quot;","block_context":{"text":"actualitati","link":"https:\/\/muzeusm.ro\/en\/category\/actualitati\/"},"img":{"alt_text":"","src":"https:\/\/i0.wp.com\/www.muzeusm.ro\/wp-content\/uploads\/2023\/05\/1-300x225.jpg?resize=350%2C200","width":350,"height":200},"classes":[]},{"id":11270,"url":"https:\/\/muzeusm.ro\/en\/reconstituirea-memoriei-satmarene-130-de-ani-de-viata-muzeala-satmareana-instantanee\/","url_meta":{"origin":1715,"position":1},"title":"Reconstituirea memoriei s\u0103tm\u0103rene.130 de ani de via\u021b\u0103 muzeal\u0103 s\u0103tm\u0103rean\u0103 &#8211; Instantanee","author":"Popdan Bradut","date":"19 May 2022","format":false,"excerpt":"Cu ocazia Zilei Interna\u021bionale a Muzeelor, la Muzeul Jude\u021bean Satu Mare a avut loc un eveniment de excep\u021bie, lansarea c\u0103r\u021bii Reconstituirea memoriei s\u0103tm\u0103rene. 130 de ani de via\u021b\u0103 muzeal\u0103 s\u0103tm\u0103rean\u0103, autori: dr. Daniela B\u0103lu \u0219i Diana Kinces. Evenimentul a fost onorat de un public numeros, cu participarea domnului Prefect dr.\u2026","rel":"","context":"In &quot;actualitati&quot;","block_context":{"text":"actualitati","link":"https:\/\/muzeusm.ro\/en\/category\/actualitati\/"},"img":{"alt_text":"","src":"https:\/\/i0.wp.com\/www.muzeusm.ro\/wp-content\/uploads\/2022\/05\/0B4A8838-200x300.jpg?resize=350%2C200","width":350,"height":200},"classes":[]},{"id":5571,"url":"https:\/\/muzeusm.ro\/en\/conferinta-internationala-economie-istorie-societate\/","url_meta":{"origin":1715,"position":2},"title":"Conferin\u0163a Interna\u0163ional\u0103 &#8220;Economie \u2013 Istorie \u2013 Societate&#8221;","author":"Popdan Bradut","date":"4 November 2019","format":false,"excerpt":"\u00cen continuarea \u015firului de manifest\u0103ri dedicate Centenarului Marii Uniri, Muzeul Jude\u0163ean Satu Mare, \u00een colaborare cu Universitatea de Vest \u201eVasile Goldi\u015f\u201d din Arad, Funda\u0163ia Universitar\u0103 \u201eVasile Goldi\u015f\u201d, filiala Satu Mare, Academia Rom\u00e2n\u0103, SNSPA Bucure\u015fti, cu sprijinul financiar al Consiliului Jude\u0163ean Satu Mare, av\u00e2nd ca parteneri Prim\u0103ria \u015fi Direc\u0163ia de Cultur\u0103\u2026","rel":"","context":"In &quot;actualitati&quot;","block_context":{"text":"actualitati","link":"https:\/\/muzeusm.ro\/en\/category\/actualitati\/"},"img":{"alt_text":"","src":"https:\/\/i0.wp.com\/www.muzeusm.ro\/wp-content\/uploads\/2019\/11\/afis-2019_001-212x300.jpg?resize=350%2C200","width":350,"height":200},"classes":[]},{"id":2275,"url":"https:\/\/muzeusm.ro\/en\/salon-interjudetean-de-restaurare\/","url_meta":{"origin":1715,"position":3},"title":"Salon interjude\u021bean de restaurare","author":"Dobrescu Adela Catalina","date":"4 May 2017","format":false,"excerpt":"Muzeul Jude\u0163ean Satu Mare, Laboratorul Zonal de Restaurare Conservare v\u0103 invit\u0103 s\u0103 participa\u0163i la vernisajul Salonului interjude\u0163ean de restaurare conservare: \u201cPrimum non nocere - \u00eentre trecut \u015fi viitor\u201d Evenimentul va avea loc \u00een data de 10 Mai ora 12 \u00een sala de expozi\u0163ii temporare a Muzeului Jude\u0163ean Satu Mare, B-dul\u2026","rel":"","context":"In &quot;actualitati&quot;","block_context":{"text":"actualitati","link":"https:\/\/muzeusm.ro\/en\/category\/actualitati\/"},"img":{"alt_text":"","src":"https:\/\/i0.wp.com\/www.muzeusm.ro\/wp-content\/uploads\/2017\/05\/afis-bun-214x300.jpg?resize=350%2C200","width":350,"height":200},"classes":[]},{"id":3150,"url":"https:\/\/muzeusm.ro\/en\/sesiunea-de-comunicari-stiintifice-1918-sfarsit-si-inceput-de-drum-transformari-geopolitice-in-europa-centrala-si-de-est\/","url_meta":{"origin":1715,"position":4},"title":"Sesiunea de Comunic\u0103ri \u015etiin\u0163ifice \u201e1918 \u2013 SF\u00c2R\u015eIT \u015eI \u00ceNCEPUT DE DRUM. TRANSFORM\u0102RI GEOPOLITICE \u00ceN EUROPA CENTRAL\u0102 \u015eI DE EST\u201d","author":"Dobrescu Adela Catalina","date":"17 April 2018","format":false,"excerpt":"Sesiunea de Comunic\u0103ri \u015etiin\u0163ifice\u00a0\u201e1918 \u2013 SF\u00c2R\u015eIT \u015eI \u00ceNCEPUT DE DRUM. TRANSFORM\u0102RI GEOPOLITICE \u00ceN EUROPA CENTRAL\u0102 \u015eI DE EST\u201d Muzeul Jude\u0163ean Satu Mare, \u00een cadrul evenimentelor dedicate Anului Centenar, organizeaz\u0103 Sesiunea de comunic\u0103ri \u015ftiin\u0163ifice intitulat\u0103 \u201e1918 \u2013 Sf\u00e2r\u015fit \u015fi \u00eenceput de drum. Transform\u0103ri geopolitice \u00een Europa Central\u0103 \u015fi de Est\u201d, eveniment\u2026","rel":"","context":"In &quot;actualitati&quot;","block_context":{"text":"actualitati","link":"https:\/\/muzeusm.ro\/en\/category\/actualitati\/"},"img":{"alt_text":"","src":"https:\/\/i0.wp.com\/www.muzeusm.ro\/wp-content\/uploads\/2018\/04\/afis-conf-unire-207x300.jpg?resize=350%2C200","width":350,"height":200},"classes":[]},{"id":8598,"url":"https:\/\/muzeusm.ro\/en\/muzeul-judetean-satu-mare-sectia-de-arta-participa-la-expozitia-online-venetia-si-laguna-venetiana-in-viziunea-artistilor-romani-ai-secolului-xx-venezia-e-la-sua-laguna-lo-sgua\/","url_meta":{"origin":1715,"position":5},"title":"Muzeul Jude\u021bean Satu Mare &#8211; Sec\u021bia de Art\u0103 \u2013 particip\u0103 la expozi\u021bia online \u201dVene\u021bia \u0219i laguna vene\u021bian\u0103 \u00een viziunea arti\u0219tilor rom\u00e2ni ai secolului XX \/ Venezia e la sua laguna: lo sguardo degli artisti romeni del lungo Novecento\u201d.","author":"Popdan Bradut","date":"23 November 2020","format":false,"excerpt":"Muzeul nostru a primit o\u00a0 propunere onorant\u0103 de parteneriat din partea Institutului Rom\u00e2n de Cultur\u0103 \u015fi Cercetare Umanistic\u0103 de la Vene\u0163ia - Istituto Romeno di Cultura e Ricerca Umanistica di Venezia. Prin implicarea domnului prof. univ. dr. Cristian Luca, director adjunct, \u00a0ICR Vene\u021bia \u00a0aduce \u00een aten\u021bia publicului - printr-o expozi\u021bie\u2026","rel":"","context":"In &quot;actualitati&quot;","block_context":{"text":"actualitati","link":"https:\/\/muzeusm.ro\/en\/category\/actualitati\/"},"img":{"alt_text":"","src":"https:\/\/i0.wp.com\/www.muzeusm.ro\/wp-content\/uploads\/2020\/11\/Corneliu-Baba-300x240.jpg?resize=350%2C200","width":350,"height":200},"classes":[]}],"jetpack_sharing_enabled":true,"jetpack_shortlink":"https:\/\/wp.me\/pfvnyQ-rF","_links":{"self":[{"href":"https:\/\/muzeusm.ro\/en\/wp-json\/wp\/v2\/posts\/1715","targetHints":{"allow":["GET"]}}],"collection":[{"href":"https:\/\/muzeusm.ro\/en\/wp-json\/wp\/v2\/posts"}],"about":[{"href":"https:\/\/muzeusm.ro\/en\/wp-json\/wp\/v2\/types\/post"}],"author":[{"embeddable":true,"href":"https:\/\/muzeusm.ro\/en\/wp-json\/wp\/v2\/users\/245723486"}],"replies":[{"embeddable":true,"href":"https:\/\/muzeusm.ro\/en\/wp-json\/wp\/v2\/comments?post=1715"}],"version-history":[{"count":0,"href":"https:\/\/muzeusm.ro\/en\/wp-json\/wp\/v2\/posts\/1715\/revisions"}],"wp:attachment":[{"href":"https:\/\/muzeusm.ro\/en\/wp-json\/wp\/v2\/media?parent=1715"}],"wp:term":[{"taxonomy":"category","embeddable":true,"href":"https:\/\/muzeusm.ro\/en\/wp-json\/wp\/v2\/categories?post=1715"},{"taxonomy":"post_tag","embeddable":true,"href":"https:\/\/muzeusm.ro\/en\/wp-json\/wp\/v2\/tags?post=1715"}],"curies":[{"name":"wp","href":"https:\/\/api.w.org\/{rel}","templated":true}]}}