{"id":1675,"date":"2016-05-01T07:43:25","date_gmt":"2016-05-01T07:43:25","guid":{"rendered":"http:\/\/www.muzeusm.ro\/?p=1675"},"modified":"2016-05-01T07:43:25","modified_gmt":"2016-05-01T07:43:25","slug":"sarbatori-fericite-2","status":"publish","type":"post","link":"https:\/\/muzeusm.ro\/en\/sarbatori-fericite-2\/","title":{"rendered":"S\u0103rb\u0103tori fericite!"},"content":{"rendered":"<div data-block=\"true\" data-editor=\"287ki\" data-offset-key=\"3dllo-0-0\">\n<div data-offset-key=\"3dllo-0-0\"><a href=\"http:\/\/www.muzeusm.ro\/wp-content\/uploads\/2016\/05\/133-Della-Francesca-Resurrection.jpg\"><img loading=\"lazy\" decoding=\"async\" data-attachment-id=\"1676\" data-permalink=\"https:\/\/muzeusm.ro\/en\/133-della-francesca-resurrection\/\" data-orig-file=\"https:\/\/muzeusm.ro\/wp-content\/uploads\/2016\/05\/133-Della-Francesca-Resurrection.jpg\" data-orig-size=\"539,600\" data-comments-opened=\"1\" data-image-meta=\"{&quot;aperture&quot;:&quot;0&quot;,&quot;credit&quot;:&quot;&quot;,&quot;camera&quot;:&quot;&quot;,&quot;caption&quot;:&quot;&quot;,&quot;created_timestamp&quot;:&quot;0&quot;,&quot;copyright&quot;:&quot;&quot;,&quot;focal_length&quot;:&quot;0&quot;,&quot;iso&quot;:&quot;0&quot;,&quot;shutter_speed&quot;:&quot;0&quot;,&quot;title&quot;:&quot;&quot;,&quot;orientation&quot;:&quot;0&quot;}\" data-image-title=\"133 Della Francesca Resurrection\" data-image-description=\"\" data-image-caption=\"\" data-medium-file=\"https:\/\/muzeusm.ro\/wp-content\/uploads\/2016\/05\/133-Della-Francesca-Resurrection-270x300.jpg\" data-large-file=\"https:\/\/muzeusm.ro\/wp-content\/uploads\/2016\/05\/133-Della-Francesca-Resurrection.jpg\" class=\"size-medium wp-image-1676 alignleft\" alt=\"133 Della Francesca Resurrection\" src=\"http:\/\/www.muzeusm.ro\/wp-content\/uploads\/2016\/05\/133-Della-Francesca-Resurrection-269x300.jpg\" width=\"269\" height=\"300\" \/><\/a>Cristos a \u00eenviat!<\/div>\n<\/div>\n<div data-block=\"true\" data-editor=\"287ki\" data-offset-key=\"2tul3-0-0\">\n<div data-offset-key=\"2tul3-0-0\">S\u0103rb\u0103tori binecuv\u00e2ntate al\u0103turi de cei dragi!<\/div>\n<\/div>\n<div data-block=\"true\" data-editor=\"287ki\" data-offset-key=\"dvle3-0-0\">\n<div data-offset-key=\"dvle3-0-0\">Piero Della Francesca, The Resurrection, 1463<\/div>\n<\/div>\n","protected":false},"excerpt":{"rendered":"<p>Cristos a \u00eenviat! S\u0103rb\u0103tori binecuv\u00e2ntate al\u0103turi de cei dragi! Piero Della Francesca, The Resurrection, 1463<\/p>\n","protected":false},"author":245723486,"featured_media":0,"comment_status":"open","ping_status":"open","sticky":false,"template":"","format":"standard","meta":{"_coblocks_attr":"","_coblocks_dimensions":"","_coblocks_responsive_height":"","_coblocks_accordion_ie_support":"","advanced_seo_description":"","jetpack_seo_html_title":"","jetpack_seo_noindex":false,"jetpack_post_was_ever_published":false,"_jetpack_newsletter_access":"","_jetpack_dont_email_post_to_subs":false,"_jetpack_newsletter_tier_id":0,"_jetpack_memberships_contains_paywalled_content":false,"_jetpack_memberships_contains_paid_content":false,"footnotes":"","jetpack_publicize_message":"","jetpack_publicize_feature_enabled":true,"jetpack_social_post_already_shared":false,"jetpack_social_options":{"image_generator_settings":{"template":"highway","default_image_id":0,"font":"","enabled":false},"version":2}},"categories":[6498592,6498593],"tags":[],"class_list":["post-1675","post","type-post","status-publish","format-standard","hentry","category-actualitati","category-uncategorized","entry"],"translation":{"provider":"WPGlobus","version":"3.0.1","language":"en","enabled_languages":["ro","hu","en"],"languages":{"ro":{"title":true,"content":true,"excerpt":false},"hu":{"title":false,"content":false,"excerpt":false},"en":{"title":false,"content":false,"excerpt":false}}},"jetpack_publicize_connections":[],"jetpack_featured_media_url":"","jetpack_likes_enabled":true,"jetpack-related-posts":[{"id":10631,"url":"https:\/\/muzeusm.ro\/en\/sarbatori-fericite-3\/","url_meta":{"origin":1675,"position":0},"title":"S\u0103rb\u0103tori fericite!","author":"andreeaionetecu","date":"23 December 2021","format":false,"excerpt":"S\u0103rb\u0103tori fericite! \u00c1ldott \u00dcnnepeket! Frohe Weihnachten! Program de s\u0103rb\u0103tori: 24.12.2021 - Deschis 25-26-27.12.2021 - \u00cenchis 28-29-30-31.12.2021 - Deschis 1-2-3.01.2022 - \u00cenchis \u00dcnnepi nyitvatart\u00e1s: 2021. december 24 - Nyitva 2021. december 25-26-27 - Z\u00e1rva 2021. december 28-29-30-31 - Nyitva 2022. janu\u00e1r 1-2-3 - Z\u00e1rva Foto: Arhiva MJSM - Ioni\u021b\u0103 G. Andron","rel":"","context":"In &quot;actualitati&quot;","block_context":{"text":"actualitati","link":"https:\/\/muzeusm.ro\/en\/category\/actualitati\/"},"img":{"alt_text":"\ud83c\udf81","src":"https:\/\/i0.wp.com\/www.facebook.com\/images\/emoji.php\/v9\/t23\/2\/16\/1f381.png?resize=350%2C200&ssl=1","width":350,"height":200},"classes":[]},{"id":5883,"url":"https:\/\/muzeusm.ro\/en\/programul-de-vizitare-a-muzeului-judetean-satu-mare-in-perioada-sarbatorilor-de-iarna\/","url_meta":{"origin":1675,"position":1},"title":"Programul de vizitare a Muzeului Jude\u0163ean Satu Mare, \u00een perioada S\u0103rb\u0103torilor de Iarn\u0103","author":"Andrei Mocan Mihai","date":"23 December 2019","format":false,"excerpt":"V\u0103 prezent\u0103m programul de vizitare a Muzeului Jude\u0163ean Satu Mare, \u00een perioada S\u0103rb\u0103torilor de Iarn\u0103: 24, 25, 26, 31 decembrie 2019; 1, 2 ianuarie 2020 - \u00ceNCHIS 27, 28, 29 decembrie 2019; 3, 4, 5 ianuarie 2020 - program de vizitare, \u00eentre orele 10.00 \u2013 14.00. V\u0103 mul\u021bumim pentru \u00een\u021belegere!\u2026","rel":"","context":"In &quot;actualitati&quot;","block_context":{"text":"actualitati","link":"https:\/\/muzeusm.ro\/en\/category\/actualitati\/"},"img":{"alt_text":"","src":"","width":0,"height":0},"classes":[]},{"id":1388,"url":"https:\/\/muzeusm.ro\/en\/sarbatori-fericite\/","url_meta":{"origin":1675,"position":2},"title":"S\u0103rb\u0103tori fericite!","author":"Dobrescu Adela Catalina","date":"25 December 2015","format":false,"excerpt":"","rel":"","context":"In &quot;actualitati&quot;","block_context":{"text":"actualitati","link":"https:\/\/muzeusm.ro\/en\/category\/actualitati\/"},"img":{"alt_text":"IMG_0279","src":"https:\/\/i0.wp.com\/www.muzeusm.ro\/wp-content\/uploads\/2015\/12\/IMG_0279-212x300.jpg?resize=350%2C200","width":350,"height":200},"classes":[]},{"id":6259,"url":"https:\/\/muzeusm.ro\/en\/dragobetele-sarbatoarea-iubirii-la-scoala-gimnaziala-homorodu-de-mijloc\/","url_meta":{"origin":1675,"position":3},"title":"&#8220;Dragobetele &#8211; s\u0103rb\u0103toarea iubirii&#8221;, la \u0218coala Gimnazial\u0103 Homorodu de Mijloc.","author":"Andrei Mocan Mihai","date":"21 February 2020","format":false,"excerpt":"Vineri, 21 februarie 2020, la \u0218coala Gimnazial\u0103 Homorodu de Mijloc, a avut loc ac\u021biunea cultural\u0103 \"Dragobetele - s\u0103rb\u0103toarea iubirii\". Din partea Muzeului Jude\u021bean Satu Mare au participat muzeografii Achim Adriana \u0219i Toth Zoltan.","rel":"","context":"In &quot;actualitati&quot;","block_context":{"text":"actualitati","link":"https:\/\/muzeusm.ro\/en\/category\/actualitati\/"},"img":{"alt_text":"","src":"https:\/\/i0.wp.com\/www.muzeusm.ro\/wp-content\/uploads\/2020\/02\/IMG_6161-300x200.jpg?resize=350%2C200","width":350,"height":200},"classes":[]},{"id":2014,"url":"https:\/\/muzeusm.ro\/en\/sarbatori-fericite-si-binecuvantate\/","url_meta":{"origin":1675,"position":4},"title":"S\u0103rb\u0103tori fericite \u0219i binecuv\u00e2ntate!","author":"Dobrescu Adela Catalina","date":"25 December 2016","format":false,"excerpt":"\u00a0 \u00a0 \u00a0","rel":"","context":"In &quot;actualitati&quot;","block_context":{"text":"actualitati","link":"https:\/\/muzeusm.ro\/en\/category\/actualitati\/"},"img":{"alt_text":"F","src":"https:\/\/i0.wp.com\/www.muzeusm.ro\/wp-content\/uploads\/2016\/12\/1308DucciodiBuoninsegna-300x295.jpg?resize=350%2C200","width":350,"height":200},"classes":[]},{"id":10039,"url":"https:\/\/muzeusm.ro\/en\/sarbatoarea-iei-romanesti-pe-acorduri-muzicale\/","url_meta":{"origin":1675,"position":5},"title":"S\u0103rb\u0103toarea IEI ROM\u00c2NE\u0218TI pe acorduri muzicale","author":"Popdan Bradut","date":"23 June 2021","format":false,"excerpt":"Cu ocazia ZILEI INTERNA\u021aIONALE A IEI ROM\u00c2NE\u0218TI, v\u0103 invit\u0103m cu drag la SPECTACOL \u0219i BUCURIE ! \u00a0","rel":"","context":"In &quot;actualitati&quot;","block_context":{"text":"actualitati","link":"https:\/\/muzeusm.ro\/en\/category\/actualitati\/"},"img":{"alt_text":"","src":"","width":0,"height":0},"classes":[]}],"jetpack_sharing_enabled":true,"jetpack_shortlink":"https:\/\/wp.me\/pfvnyQ-r1","_links":{"self":[{"href":"https:\/\/muzeusm.ro\/en\/wp-json\/wp\/v2\/posts\/1675","targetHints":{"allow":["GET"]}}],"collection":[{"href":"https:\/\/muzeusm.ro\/en\/wp-json\/wp\/v2\/posts"}],"about":[{"href":"https:\/\/muzeusm.ro\/en\/wp-json\/wp\/v2\/types\/post"}],"author":[{"embeddable":true,"href":"https:\/\/muzeusm.ro\/en\/wp-json\/wp\/v2\/users\/245723486"}],"replies":[{"embeddable":true,"href":"https:\/\/muzeusm.ro\/en\/wp-json\/wp\/v2\/comments?post=1675"}],"version-history":[{"count":0,"href":"https:\/\/muzeusm.ro\/en\/wp-json\/wp\/v2\/posts\/1675\/revisions"}],"wp:attachment":[{"href":"https:\/\/muzeusm.ro\/en\/wp-json\/wp\/v2\/media?parent=1675"}],"wp:term":[{"taxonomy":"category","embeddable":true,"href":"https:\/\/muzeusm.ro\/en\/wp-json\/wp\/v2\/categories?post=1675"},{"taxonomy":"post_tag","embeddable":true,"href":"https:\/\/muzeusm.ro\/en\/wp-json\/wp\/v2\/tags?post=1675"}],"curies":[{"name":"wp","href":"https:\/\/api.w.org\/{rel}","templated":true}]}}