{"id":1664,"date":"2016-04-14T05:15:51","date_gmt":"2016-04-14T05:15:51","guid":{"rendered":"http:\/\/www.muzeusm.ro\/?p=1664"},"modified":"2016-04-14T05:15:51","modified_gmt":"2016-04-14T05:15:51","slug":"oferta-muzeului-judetean-satu-mare-pentru-programul-national-scoala-altfel-18-04-22-04-2016","status":"publish","type":"post","link":"https:\/\/muzeusm.ro\/en\/oferta-muzeului-judetean-satu-mare-pentru-programul-national-scoala-altfel-18-04-22-04-2016\/","title":{"rendered":"Oferta Muzeului Jude\u0163ean Satu Mare pentru programul na\u0163ional   \u201d\u015ecoala Altfel\u201d 18.04-22.04.2016"},"content":{"rendered":"<p>Oferta Muzeului Jude\u0163ean Satu Mare pentru programul na\u0163ional<br \/>\n\u201d\u015ecoala Altfel\u201d<br \/>\n18.04-22.04.2016<\/p>\n","protected":false},"excerpt":{"rendered":"<p>Oferta Muzeului Jude\u0163ean Satu Mare pentru programul na\u0163ional \u201d\u015ecoala Altfel\u201d 18.04-22.04.2016<\/p>\n","protected":false},"author":245723486,"featured_media":0,"comment_status":"open","ping_status":"open","sticky":false,"template":"","format":"standard","meta":{"_coblocks_attr":"","_coblocks_dimensions":"","_coblocks_responsive_height":"","_coblocks_accordion_ie_support":"","advanced_seo_description":"","jetpack_seo_html_title":"","jetpack_seo_noindex":false,"jetpack_post_was_ever_published":false,"_jetpack_newsletter_access":"","_jetpack_dont_email_post_to_subs":false,"_jetpack_newsletter_tier_id":0,"_jetpack_memberships_contains_paywalled_content":false,"_jetpack_memberships_contains_paid_content":false,"footnotes":"","jetpack_publicize_message":"","jetpack_publicize_feature_enabled":true,"jetpack_social_post_already_shared":false,"jetpack_social_options":{"image_generator_settings":{"template":"highway","default_image_id":0,"font":"","enabled":false},"version":2}},"categories":[6498592,6498593],"tags":[],"class_list":["post-1664","post","type-post","status-publish","format-standard","hentry","category-actualitati","category-uncategorized","entry"],"translation":{"provider":"WPGlobus","version":"3.0.1","language":"en","enabled_languages":["ro","hu","en"],"languages":{"ro":{"title":true,"content":true,"excerpt":false},"hu":{"title":false,"content":false,"excerpt":false},"en":{"title":false,"content":false,"excerpt":false}}},"jetpack_publicize_connections":[],"jetpack_featured_media_url":"","jetpack_likes_enabled":true,"jetpack-related-posts":[{"id":4646,"url":"https:\/\/muzeusm.ro\/en\/noaptea-muzeelor-18-mai-2019-program\/","url_meta":{"origin":1664,"position":0},"title":"NOAPTEA MUZEELOR 18 Mai 2019 &#8211; Program","author":"norbertlorincz","date":"16 May 2019","format":false,"excerpt":"NOAPTEA MUZEELOR 18 Mai 2019 Program de vizitare: 17.00 \u2013 24.00 Muzeul de Istorie \u2013 B-dul Vasile Lucaciu nr.21 Expozi\u0163ie de costume \u015fi prezentare de mod\u0103 : \u201eSatu Mare un centru al modei rom\u00e2ne\u015fti \u201d Vernisaj: ora 19.00 Expo foto-documentar\u0103 \u201e100 de ani de la instaurarea administra\u0163iei rom\u00e2ne\u015fti la Satu\u2026","rel":"","context":"In &quot;actualitati&quot;","block_context":{"text":"actualitati","link":"https:\/\/muzeusm.ro\/en\/category\/actualitati\/"},"img":{"alt_text":"","src":"https:\/\/i0.wp.com\/www.muzeusm.ro\/wp-content\/uploads\/2019\/05\/banner-muz1-1-83x300.jpg?resize=350%2C200","width":350,"height":200},"classes":[]},{"id":12338,"url":"https:\/\/muzeusm.ro\/en\/scoala-altfel-si-saptamana-verde-2023-program-de-activitatilor-organizate-de-muzeul-judetean-satu-mare\/","url_meta":{"origin":1664,"position":1},"title":"\u201e\u0218COALA ALTFEL \u201d \u0219i \u201eS\u0102PT\u0102M\u00c2NA VERDE\u201d 2023- program de activit\u0103\u021bilor organizate de Muzeul Jude\u021bean Satu Mare","author":"Popdan Bradut","date":"30 March 2023","format":false,"excerpt":"Oferta de activit\u0103\u021bi organizate de Muzeul Jude\u021bean Satu Mare \u00een perioada derul\u0103rii programelor na\u021bionale\u00a0\u201eS\u0103pt\u0103m\u00e2na verde\u201d \u0219i \u00a0\u201e\u0218coala altfel\u201d 27.02 - 16.06.2023 \u00a0 Oferta expozi\u021bional\u0103 pentru vizitare \u00een perioada 27.02 -16.06.2023 Muzeul de Art\u0103- Pia\u0163a Libert\u0103\u0163ii nr.21 Expozi\u0163ia permanent\u0103 \u201eAurel Popp\u201d Atelierul memorial Paul Erd\u00f6s-Pasaj \u201eStefan Ruha\u201d Muzeul Municipal Carei (Castelul\u2026","rel":"","context":"In &quot;actualitati&quot;","block_context":{"text":"actualitati","link":"https:\/\/muzeusm.ro\/en\/category\/actualitati\/"},"img":{"alt_text":"","src":"","width":0,"height":0},"classes":[]},{"id":6100,"url":"https:\/\/muzeusm.ro\/en\/ziua-lui-darwin-satu-mare-2020\/","url_meta":{"origin":1664,"position":2},"title":"Ziua lui Darwin, Satu Mare 2020.","author":"Andrei Mocan Mihai","date":"7 February 2020","format":false,"excerpt":"\u00cen data de 12 februarie: Evenimentul const\u0103 dintr-o serie de prezent\u0103ri \u0219i experimente spectaculoase din diferitele domenii ale \u0219tiin\u021bei, cu scopul de a r\u0103sp\u00e2ndi cuno\u0219tin\u021be \u0219i de a populariza g\u00e2ndirea \u0219tiin\u021bific\u0103. Evenimentul\u00a0\u00eencepe la ora 10.00, \u00een Sala de conferin\u021be a Muzeului Jude\u021bean Satu Mare (B-dul V. Lucaciu nr.21, etajul II)\u2026","rel":"","context":"In &quot;actualitati&quot;","block_context":{"text":"actualitati","link":"https:\/\/muzeusm.ro\/en\/category\/actualitati\/"},"img":{"alt_text":"","src":"https:\/\/i0.wp.com\/www.muzeusm.ro\/wp-content\/uploads\/2020\/02\/Afi%C5%9Ful-evenimentului.-191x300.png?resize=350%2C200","width":350,"height":200},"classes":[]},{"id":6132,"url":"https:\/\/muzeusm.ro\/en\/ziua-lui-darwin-editia-a-11-a\/","url_meta":{"origin":1664,"position":3},"title":"&#8221;Ziua lui Darwin&#8221;, edi\u021bia a-11-a.","author":"Andrei Mocan Mihai","date":"12 February 2020","format":false,"excerpt":"Miercuri, 12 februarie 2020, la sediul Muzeului Jude\u021bean Satu Mare, a avut loc evenimentul ''Ziua lui Darwin\", edi\u021bia a-11-a. \u00cencep\u00e2nd cu ora 10, au avut loc prezent\u0103ri \u00een limba rom\u00e2n\u0103 sus\u021binute de c\u0103tre: Andrei Ardelean - Van der Graaf; Cadar Andrei \u0219i Moro\u0219anu Tudor - Mecanica secolului XVII; Lorand Silye\u2026","rel":"","context":"In &quot;actualitati&quot;","block_context":{"text":"actualitati","link":"https:\/\/muzeusm.ro\/en\/category\/actualitati\/"},"img":{"alt_text":"","src":"https:\/\/i0.wp.com\/www.muzeusm.ro\/wp-content\/uploads\/2020\/02\/IMG_5945-300x200.jpg?resize=350%2C200","width":350,"height":200},"classes":[]},{"id":1457,"url":"https:\/\/muzeusm.ro\/en\/comunicat-de-presa\/","url_meta":{"origin":1664,"position":4},"title":"Comunicat de pres\u0103","author":"Dobrescu Adela Catalina","date":"27 January 2016","format":false,"excerpt":"S\u00e2mb\u0103t\u0103 30 ianuarie 2016 ora 14 la Muzeul Jude\u0163ean Satu Mare - B-dul Vasile Lucaciu nr.21-, cu prilejul Zilei Interna\u0163ionale a Holocaustului se va vernisa expozi\u0163ia \u201eEliahu Adler Kaba\u201d, artist evreu n\u0103scut la Satu Mare, trecut prin lagarele de exterminare fasciste. Cu acela\u015fi prilej va avea loc de la ora\u2026","rel":"","context":"In &quot;actualitati&quot;","block_context":{"text":"actualitati","link":"https:\/\/muzeusm.ro\/en\/category\/actualitati\/"},"img":{"alt_text":"","src":"","width":0,"height":0},"classes":[]},{"id":13691,"url":"https:\/\/muzeusm.ro\/en\/scoala-veche\/","url_meta":{"origin":1664,"position":5},"title":"\u015eCOALA VECHEA R\u00c9GI ISKOLATHE OLD SCHOOL","author":"Gordan Csilla","date":"13 December 2013","format":false,"excerpt":"Dup\u0103 primul r\u0103zboi mondial al\u0103turi de \u015fcolile confesionale, \u00een care studiile se f\u0103ceau \u00een limba matern\u0103, au func\u0163ionat \u015fcolile de stat \u015fi de meserii unde se studia \u00een limba rom\u00e2n\u0103, exist\u00e2nd \u015fi clase de predare \u00een limbile maghiar\u0103 \u015fi german\u0103. \u00cenv\u0103\u0163\u0103m\u00e2ntul la sate se desf\u0103\u015fura, \u00een unele cazuri, \u00een cl\u0103dirile\u2026","rel":"","context":"Similar post","block_context":{"text":"Similar post","link":""},"img":{"alt_text":"","src":"","width":0,"height":0},"classes":[]}],"jetpack_sharing_enabled":true,"jetpack_shortlink":"https:\/\/wp.me\/pfvnyQ-qQ","_links":{"self":[{"href":"https:\/\/muzeusm.ro\/en\/wp-json\/wp\/v2\/posts\/1664","targetHints":{"allow":["GET"]}}],"collection":[{"href":"https:\/\/muzeusm.ro\/en\/wp-json\/wp\/v2\/posts"}],"about":[{"href":"https:\/\/muzeusm.ro\/en\/wp-json\/wp\/v2\/types\/post"}],"author":[{"embeddable":true,"href":"https:\/\/muzeusm.ro\/en\/wp-json\/wp\/v2\/users\/245723486"}],"replies":[{"embeddable":true,"href":"https:\/\/muzeusm.ro\/en\/wp-json\/wp\/v2\/comments?post=1664"}],"version-history":[{"count":0,"href":"https:\/\/muzeusm.ro\/en\/wp-json\/wp\/v2\/posts\/1664\/revisions"}],"wp:attachment":[{"href":"https:\/\/muzeusm.ro\/en\/wp-json\/wp\/v2\/media?parent=1664"}],"wp:term":[{"taxonomy":"category","embeddable":true,"href":"https:\/\/muzeusm.ro\/en\/wp-json\/wp\/v2\/categories?post=1664"},{"taxonomy":"post_tag","embeddable":true,"href":"https:\/\/muzeusm.ro\/en\/wp-json\/wp\/v2\/tags?post=1664"}],"curies":[{"name":"wp","href":"https:\/\/api.w.org\/{rel}","templated":true}]}}