{"id":1631,"date":"2016-03-21T05:49:58","date_gmt":"2016-03-21T05:49:58","guid":{"rendered":"http:\/\/www.muzeusm.ro\/?p=1631"},"modified":"2016-03-21T05:49:58","modified_gmt":"2016-03-21T05:49:58","slug":"venisajul-expozitiei-icoane","status":"publish","type":"post","link":"https:\/\/muzeusm.ro\/en\/venisajul-expozitiei-icoane\/","title":{"rendered":"Venisajul expozi\u021biei \u201eIcoane\u201d"},"content":{"rendered":"<p><a href=\"http:\/\/www.muzeusm.ro\/wp-content\/uploads\/2016\/03\/MG_5643.jpg\"><img loading=\"lazy\" decoding=\"async\" data-attachment-id=\"1632\" data-permalink=\"https:\/\/muzeusm.ro\/en\/_mg_5643\/\" data-orig-file=\"https:\/\/muzeusm.ro\/wp-content\/uploads\/2016\/03\/MG_5643.jpg\" data-orig-size=\"1417,945\" data-comments-opened=\"1\" data-image-meta=\"{&quot;aperture&quot;:&quot;5.6&quot;,&quot;credit&quot;:&quot;&quot;,&quot;camera&quot;:&quot;Canon EOS 500D&quot;,&quot;caption&quot;:&quot;&quot;,&quot;created_timestamp&quot;:&quot;1458311352&quot;,&quot;copyright&quot;:&quot;&quot;,&quot;focal_length&quot;:&quot;18&quot;,&quot;iso&quot;:&quot;400&quot;,&quot;shutter_speed&quot;:&quot;0.025&quot;,&quot;title&quot;:&quot;&quot;,&quot;orientation&quot;:&quot;1&quot;}\" data-image-title=\"_MG_5643\" data-image-description=\"\" data-image-caption=\"\" data-medium-file=\"https:\/\/muzeusm.ro\/wp-content\/uploads\/2016\/03\/MG_5643-300x200.jpg\" data-large-file=\"https:\/\/muzeusm.ro\/wp-content\/uploads\/2016\/03\/MG_5643-1024x683.jpg\" class=\"size-medium wp-image-1632 alignleft\" alt=\"_MG_5643\" src=\"http:\/\/www.muzeusm.ro\/wp-content\/uploads\/2016\/03\/MG_5643-300x200.jpg\" width=\"300\" height=\"200\" srcset=\"https:\/\/muzeusm.ro\/wp-content\/uploads\/2016\/03\/MG_5643-300x200.jpg 300w, https:\/\/muzeusm.ro\/wp-content\/uploads\/2016\/03\/MG_5643-1024x683.jpg 1024w, https:\/\/muzeusm.ro\/wp-content\/uploads\/2016\/03\/MG_5643-768x512.jpg 768w, https:\/\/muzeusm.ro\/wp-content\/uploads\/2016\/03\/MG_5643.jpg 1417w\" sizes=\"auto, (max-width: 300px) 100vw, 300px\" \/><\/a><\/p>\n<p><a href=\"http:\/\/www.muzeusm.ro\/wp-content\/uploads\/2016\/03\/MG_5644.jpg\"><img loading=\"lazy\" decoding=\"async\" data-attachment-id=\"1633\" data-permalink=\"https:\/\/muzeusm.ro\/en\/_mg_5644\/\" data-orig-file=\"https:\/\/muzeusm.ro\/wp-content\/uploads\/2016\/03\/MG_5644.jpg\" data-orig-size=\"1417,945\" data-comments-opened=\"1\" data-image-meta=\"{&quot;aperture&quot;:&quot;5.6&quot;,&quot;credit&quot;:&quot;&quot;,&quot;camera&quot;:&quot;Canon EOS 500D&quot;,&quot;caption&quot;:&quot;&quot;,&quot;created_timestamp&quot;:&quot;1458311738&quot;,&quot;copyright&quot;:&quot;&quot;,&quot;focal_length&quot;:&quot;18&quot;,&quot;iso&quot;:&quot;400&quot;,&quot;shutter_speed&quot;:&quot;0.04&quot;,&quot;title&quot;:&quot;&quot;,&quot;orientation&quot;:&quot;1&quot;}\" data-image-title=\"_MG_5644\" data-image-description=\"\" data-image-caption=\"\" data-medium-file=\"https:\/\/muzeusm.ro\/wp-content\/uploads\/2016\/03\/MG_5644-300x200.jpg\" data-large-file=\"https:\/\/muzeusm.ro\/wp-content\/uploads\/2016\/03\/MG_5644-1024x683.jpg\" class=\"alignright size-medium wp-image-1633\" alt=\"_MG_5644\" src=\"http:\/\/www.muzeusm.ro\/wp-content\/uploads\/2016\/03\/MG_5644-300x200.jpg\" width=\"300\" height=\"200\" srcset=\"https:\/\/muzeusm.ro\/wp-content\/uploads\/2016\/03\/MG_5644-300x200.jpg 300w, https:\/\/muzeusm.ro\/wp-content\/uploads\/2016\/03\/MG_5644-1024x683.jpg 1024w, https:\/\/muzeusm.ro\/wp-content\/uploads\/2016\/03\/MG_5644-768x512.jpg 768w, https:\/\/muzeusm.ro\/wp-content\/uploads\/2016\/03\/MG_5644.jpg 1417w\" sizes=\"auto, (max-width: 300px) 100vw, 300px\" \/><\/a><\/p>\n","protected":false},"excerpt":{"rendered":"","protected":false},"author":245723486,"featured_media":0,"comment_status":"open","ping_status":"open","sticky":false,"template":"","format":"standard","meta":{"_coblocks_attr":"","_coblocks_dimensions":"","_coblocks_responsive_height":"","_coblocks_accordion_ie_support":"","advanced_seo_description":"","jetpack_seo_html_title":"","jetpack_seo_noindex":false,"jetpack_post_was_ever_published":false,"_jetpack_newsletter_access":"","_jetpack_dont_email_post_to_subs":false,"_jetpack_newsletter_tier_id":0,"_jetpack_memberships_contains_paywalled_content":false,"_jetpack_memberships_contains_paid_content":false,"footnotes":"","jetpack_publicize_message":"","jetpack_publicize_feature_enabled":true,"jetpack_social_post_already_shared":false,"jetpack_social_options":{"image_generator_settings":{"template":"highway","default_image_id":0,"font":"","enabled":false},"version":2}},"categories":[6498592,6498593],"tags":[],"class_list":["post-1631","post","type-post","status-publish","format-standard","hentry","category-actualitati","category-uncategorized","entry"],"translation":{"provider":"WPGlobus","version":"3.0.1","language":"en","enabled_languages":["ro","hu","en"],"languages":{"ro":{"title":true,"content":true,"excerpt":false},"hu":{"title":false,"content":false,"excerpt":false},"en":{"title":false,"content":false,"excerpt":false}}},"jetpack_publicize_connections":[],"jetpack_featured_media_url":"","jetpack_likes_enabled":true,"jetpack-related-posts":[{"id":1655,"url":"https:\/\/muzeusm.ro\/en\/venisajul-expozitiei-jurnal-de-calatorie\/","url_meta":{"origin":1631,"position":0},"title":"Venisajul expozi\u021biei \u201eJurnal de c\u0103l\u0103torie\u201d","author":"Dobrescu Adela Catalina","date":"30 March 2016","format":false,"excerpt":"href=\"http:\/\/www.muzeusm.ro\/wp-content\/uploads\/2016\/03\/MG_5773-1.jpg\"","rel":"","context":"In &quot;actualitati&quot;","block_context":{"text":"actualitati","link":"https:\/\/muzeusm.ro\/en\/category\/actualitati\/"},"img":{"alt_text":"_MG_5756 (1)","src":"https:\/\/i0.wp.com\/www.muzeusm.ro\/wp-content\/uploads\/2016\/03\/MG_5756-1-300x200.jpg?resize=350%2C200","width":350,"height":200},"classes":[]},{"id":1526,"url":"https:\/\/muzeusm.ro\/en\/venisajul-expozitiei-cutia-cu-bomboane\/","url_meta":{"origin":1631,"position":1},"title":"Venisajul expozi\u021biei \u201eCutia cu bomboane\u201d","author":"Dobrescu Adela Catalina","date":"18 February 2016","format":false,"excerpt":"\u00a0 \u00a0 \u00a0","rel":"","context":"In &quot;actualitati&quot;","block_context":{"text":"actualitati","link":"https:\/\/muzeusm.ro\/en\/category\/actualitati\/"},"img":{"alt_text":"_MG_5237","src":"https:\/\/i0.wp.com\/www.muzeusm.ro\/wp-content\/uploads\/2016\/02\/MG_5237-300x200.jpg?resize=350%2C200","width":350,"height":200},"classes":[]},{"id":1866,"url":"https:\/\/muzeusm.ro\/en\/vernisajul-expozitiei-sfintele-icoane\/","url_meta":{"origin":1631,"position":2},"title":"Vernisajul expozi\u021biei \u201dSfintele icoane\u201d","author":"Dobrescu Adela Catalina","date":"10 August 2016","format":false,"excerpt":"\u00a0 Expozi\u021bia de icoane pe sticl\u0103 \u0219i lemn, apar\u021bin\u00e2nd artistului plastic\u00a0Mihail Gagea va fi vernisat\u0103 \u00een data de 16.08.2016, la Sec\u021bia de Art\u0103 a Muzeului Jude\u021bean Satu Mare, Pia\u021ba Libert\u0103\u021bii, 21. Iubitorii de art\u0103, dar \u0219i invita\u021bii vor putea vizita expozi\u021bia, unde artistul plastic sibian\u00a0reuse\u0219te s\u0103 atrag\u0103 aten\u021bia nu at\u00e2t\u2026","rel":"","context":"In &quot;actualitati&quot;","block_context":{"text":"actualitati","link":"https:\/\/muzeusm.ro\/en\/category\/actualitati\/"},"img":{"alt_text":"Afis fara titlu 3","src":"https:\/\/i0.wp.com\/www.muzeusm.ro\/wp-content\/uploads\/2016\/08\/Afis-fara-titlu-3-212x300.jpg?resize=350%2C200","width":350,"height":200},"classes":[]},{"id":1625,"url":"https:\/\/muzeusm.ro\/en\/expozitia-icoane\/","url_meta":{"origin":1631,"position":3},"title":"Expozi\u021bia \u201eIcoane\u201d","author":"Dobrescu Adela Catalina","date":"17 March 2016","format":false,"excerpt":"Muzeul Jude\u0163ean Satu Mare, v\u0103 invit\u0103 la vernisajul unei expozi\u0163ii deosebite: \u201eIcoane\u201d \u00a0 Expozi\u0163ia, dedicat\u0103 S\u0103rb\u0103torilor Pascale, este alc\u0103tuit\u0103 din icoane pe lemn aflate \u00een colec\u0163ia Muzeului Jude\u0163ean Satu Mare \u015fi peste 40 de icoane realizate de artistul George Dan.Prin aceast\u0103 al\u0103turare, am creat o leg\u0103tur\u0103 peste timp \u00eentre vechiul\u2026","rel":"","context":"In &quot;actualitati&quot;","block_context":{"text":"actualitati","link":"https:\/\/muzeusm.ro\/en\/category\/actualitati\/"},"img":{"alt_text":"Afis icoane (2) (1)","src":"https:\/\/i0.wp.com\/www.muzeusm.ro\/wp-content\/uploads\/2016\/03\/Afis-icoane-2-1-212x300.jpg?resize=350%2C200","width":350,"height":200},"classes":[]},{"id":10241,"url":"https:\/\/muzeusm.ro\/en\/in-vacanta-la-muzeu-fiii-maicii-domnului\/","url_meta":{"origin":1631,"position":4},"title":"\u00cen vacan\u021b\u0103 la muzeu &#8211; ,,Fiii Maicii Domnului&#8221;","author":"andreeaionetecu","date":"4 August 2021","format":false,"excerpt":"V\u0103 invit\u0103m s\u0103 participa\u021bi la vernisajul expozi\u021biei de icoane, pictate de copii \u00een acesta vacan\u021b\u0103 la muzeu. Vernisajul expozi\u021biei va avea loc joi, 05 august, 2021, de la ora 13:00. Expozi\u021bia de icoane poate fi vizitat\u0103 la Muzeul Jude\u021bean Satu Mare, \u00een perioada 05-13 august 2021.","rel":"","context":"In &quot;actualitati&quot;","block_context":{"text":"actualitati","link":"https:\/\/muzeusm.ro\/en\/category\/actualitati\/"},"img":{"alt_text":"","src":"https:\/\/i0.wp.com\/www.muzeusm.ro\/wp-content\/uploads\/2021\/08\/afi%C8%99-212x300.jpg?resize=350%2C200","width":350,"height":200},"classes":[]},{"id":9593,"url":"https:\/\/muzeusm.ro\/en\/vernisajul-expozitiei-de-icoanevestigii-in-culori-divine\/","url_meta":{"origin":1631,"position":5},"title":"Vernisajul expozi\u021biei de icoane\u201eVestigii \u00een culori divine\u201d","author":"Popdan Bradut","date":"26 April 2021","format":false,"excerpt":"","rel":"","context":"In &quot;actualitati&quot;","block_context":{"text":"actualitati","link":"https:\/\/muzeusm.ro\/en\/category\/actualitati\/"},"img":{"alt_text":"","src":"https:\/\/i0.wp.com\/www.muzeusm.ro\/wp-content\/uploads\/2021\/04\/0B4A2643-1-199x300.jpg?resize=350%2C200","width":350,"height":200},"classes":[]}],"jetpack_sharing_enabled":true,"jetpack_shortlink":"https:\/\/wp.me\/pfvnyQ-qj","_links":{"self":[{"href":"https:\/\/muzeusm.ro\/en\/wp-json\/wp\/v2\/posts\/1631","targetHints":{"allow":["GET"]}}],"collection":[{"href":"https:\/\/muzeusm.ro\/en\/wp-json\/wp\/v2\/posts"}],"about":[{"href":"https:\/\/muzeusm.ro\/en\/wp-json\/wp\/v2\/types\/post"}],"author":[{"embeddable":true,"href":"https:\/\/muzeusm.ro\/en\/wp-json\/wp\/v2\/users\/245723486"}],"replies":[{"embeddable":true,"href":"https:\/\/muzeusm.ro\/en\/wp-json\/wp\/v2\/comments?post=1631"}],"version-history":[{"count":0,"href":"https:\/\/muzeusm.ro\/en\/wp-json\/wp\/v2\/posts\/1631\/revisions"}],"wp:attachment":[{"href":"https:\/\/muzeusm.ro\/en\/wp-json\/wp\/v2\/media?parent=1631"}],"wp:term":[{"taxonomy":"category","embeddable":true,"href":"https:\/\/muzeusm.ro\/en\/wp-json\/wp\/v2\/categories?post=1631"},{"taxonomy":"post_tag","embeddable":true,"href":"https:\/\/muzeusm.ro\/en\/wp-json\/wp\/v2\/tags?post=1631"}],"curies":[{"name":"wp","href":"https:\/\/api.w.org\/{rel}","templated":true}]}}