{"id":15783,"date":"2024-11-06T15:18:39","date_gmt":"2024-11-06T13:18:39","guid":{"rendered":"https:\/\/muzeusm.ro\/?p=15783"},"modified":"2024-11-06T15:26:00","modified_gmt":"2024-11-06T13:26:00","slug":"din-fire","status":"publish","type":"post","link":"https:\/\/muzeusm.ro\/en\/din-fire\/","title":{"rendered":"din fire"},"content":{"rendered":"\n<p class=\"has-text-align-center\">Dup\u0103 succesul expozi\u021biilor personale din 2017 \u2013 \u201eGriuri colorate\u201d \u0219i 2019<br>\u201ePretexte\u201d, Virginia Pi\u0219coran ne propune o nou\u0103 expozi\u021bie la Muzeul de Art\u0103: \u201edin<br>fire\u201d. Privitorul este invitat s\u0103 p\u0103trund\u0103 \u00een universul de crea\u021bie al artistei, aceasta<br>oferind posibilitatea de a descoperi nu doar frumuse\u021bea estetic\u0103, ci \u0219i mesajele<br>profunde ale lucr\u0103rilor sale. Simezele muzeului s\u0103tm\u0103rean g\u0103zduiesc 40 de lucr\u0103ri<br>realizate \u00een tehnica colajului textil, prezentarea lor revenindu-i \u0219i de aceasta dat\u0103<br>Cristinei Gloria Opri\u0219a.<br>V\u0103 a\u0219tept\u0103m ! <br><\/p>\n\n\n\n<figure class=\"wp-block-image size-large\"><img loading=\"lazy\" decoding=\"async\" width=\"699\" height=\"1024\" data-attachment-id=\"15784\" data-permalink=\"https:\/\/muzeusm.ro\/en\/din-fire\/invitatie-virginia-piscoran\/\" data-orig-file=\"https:\/\/muzeusm.ro\/wp-content\/uploads\/2024\/11\/Invitatie-Virginia-Piscoran.jpg\" data-orig-size=\"1168,1712\" data-comments-opened=\"1\" data-image-meta=\"{&quot;aperture&quot;:&quot;0&quot;,&quot;credit&quot;:&quot;&quot;,&quot;camera&quot;:&quot;Canon GX6000 series Network&quot;,&quot;caption&quot;:&quot;&quot;,&quot;created_timestamp&quot;:&quot;&quot;,&quot;copyright&quot;:&quot;&quot;,&quot;focal_length&quot;:&quot;0&quot;,&quot;iso&quot;:&quot;0&quot;,&quot;shutter_speed&quot;:&quot;0&quot;,&quot;title&quot;:&quot;&quot;,&quot;orientation&quot;:&quot;1&quot;}\" data-image-title=\"Invitatie Virginia Piscoran\" data-image-description=\"\" data-image-caption=\"\" data-medium-file=\"https:\/\/muzeusm.ro\/wp-content\/uploads\/2024\/11\/Invitatie-Virginia-Piscoran-205x300.jpg\" data-large-file=\"https:\/\/muzeusm.ro\/wp-content\/uploads\/2024\/11\/Invitatie-Virginia-Piscoran-699x1024.jpg\" src=\"https:\/\/muzeusm.ro\/wp-content\/uploads\/2024\/11\/Invitatie-Virginia-Piscoran-699x1024.jpg\" alt=\"\" class=\"wp-image-15784\" srcset=\"https:\/\/muzeusm.ro\/wp-content\/uploads\/2024\/11\/Invitatie-Virginia-Piscoran-699x1024.jpg 699w, https:\/\/muzeusm.ro\/wp-content\/uploads\/2024\/11\/Invitatie-Virginia-Piscoran-205x300.jpg 205w, https:\/\/muzeusm.ro\/wp-content\/uploads\/2024\/11\/Invitatie-Virginia-Piscoran-768x1126.jpg 768w, https:\/\/muzeusm.ro\/wp-content\/uploads\/2024\/11\/Invitatie-Virginia-Piscoran-1048x1536.jpg 1048w, https:\/\/muzeusm.ro\/wp-content\/uploads\/2024\/11\/Invitatie-Virginia-Piscoran.jpg 1168w\" sizes=\"auto, (max-width: 699px) 100vw, 699px\" \/><\/figure>\n","protected":false},"excerpt":{"rendered":"<p>Dup\u0103 succesul expozi\u021biilor personale din 2017 \u2013 \u201eGriuri colorate\u201d \u0219i 2019\u201ePretexte\u201d, Virginia Pi\u0219coran ne propune o nou\u0103 expozi\u021bie la Muzeul de Art\u0103: \u201edinfire\u201d. Privitorul este invitat s\u0103 p\u0103trund\u0103 \u00een universul de crea\u021bie al artistei, aceastaoferind posibilitatea de a descoperi nu doar frumuse\u021bea estetic\u0103, ci \u0219i mesajeleprofunde ale lucr\u0103rilor sale. Simezele muzeului s\u0103tm\u0103rean g\u0103zduiesc 40 de<a class=\"more-link\" href=\"https:\/\/muzeusm.ro\/en\/din-fire\/\">Continue reading <span class=\"screen-reader-text\">&#8220;din fire&#8221;<\/span><\/a><\/p>\n","protected":false},"author":245723488,"featured_media":0,"comment_status":"open","ping_status":"open","sticky":false,"template":"","format":"standard","meta":{"_coblocks_attr":"","_coblocks_dimensions":"","_coblocks_responsive_height":"","_coblocks_accordion_ie_support":"","advanced_seo_description":"","jetpack_seo_html_title":"","jetpack_seo_noindex":false,"jetpack_post_was_ever_published":false,"_jetpack_newsletter_access":"","_jetpack_dont_email_post_to_subs":false,"_jetpack_newsletter_tier_id":0,"_jetpack_memberships_contains_paywalled_content":false,"_jetpack_memberships_contains_paid_content":false,"footnotes":"","jetpack_publicize_message":"","jetpack_publicize_feature_enabled":true,"jetpack_social_post_already_shared":true,"jetpack_social_options":{"image_generator_settings":{"template":"highway","default_image_id":0,"font":"","enabled":false},"version":2}},"categories":[6498592,6498612,6498616],"tags":[],"class_list":["post-15783","post","type-post","status-publish","format-standard","hentry","category-actualitati","category-evenimente","category-expozitiitemporare","entry"],"translation":{"provider":"WPGlobus","version":"3.0.1","language":"en","enabled_languages":["ro","hu","en"],"languages":{"ro":{"title":true,"content":true,"excerpt":false},"hu":{"title":true,"content":true,"excerpt":false},"en":{"title":false,"content":false,"excerpt":false}}},"jetpack_publicize_connections":[],"jetpack_featured_media_url":"","jetpack_likes_enabled":true,"jetpack-related-posts":[{"id":1995,"url":"https:\/\/muzeusm.ro\/en\/expozitie-oala-de-sarmale-a-bunicii\/","url_meta":{"origin":15783,"position":0},"title":"Expozi\u021bie \u201eOala de sarmale a bunicii\u201d","author":"Dobrescu Adela Catalina","date":"29 November 2016","format":false,"excerpt":"Comunicat Muzeul Jude\u021bean Satu Mare \u00een parteneriat cu Muzeul Na\u021bional al Satului \u201eDimitrie Gusti\u201d Bucure\u0219ti, Complexul Na\u021bional Astra Sibiu, Muzeul Satului B\u0103n\u0103\u021bean \u0219i Muzeul Jude\u021bean de Istorie \u0219i Art\u0103 Zal\u0103u v\u0103 invit\u0103 la o expozi\u021bie eveniment: ,,OALA DE SARMALE A BUNICII\u201d! Expozi\u021bia g\u0103zduie\u0219te \u00een s\u0103lile muzeului oale de sarmale tradi\u021bionale\u2026","rel":"","context":"In &quot;actualitati&quot;","block_context":{"text":"actualitati","link":"https:\/\/muzeusm.ro\/en\/category\/actualitati\/"},"img":{"alt_text":"pt bradi","src":"https:\/\/i0.wp.com\/www.muzeusm.ro\/wp-content\/uploads\/2016\/11\/pt-bradi-210x300.jpg?resize=350%2C200","width":350,"height":200},"classes":[]},{"id":2784,"url":"https:\/\/muzeusm.ro\/en\/expozitia-colectionarea-o-pasiune-irestibila\/","url_meta":{"origin":15783,"position":1},"title":"Expozi\u021bia: Colec\u0163ionarea, o pasiune irezistibil\u0103","author":"Dobrescu Adela Catalina","date":"11 October 2017","format":false,"excerpt":"Colec\u0163ionarea, o pasiune irestibil\u0103 Cand vine vorba de colec\u021bionat, conteaz\u0103 mai pu\u021bin v\u00e2rsta, profesia, veniturile sau sexul. Cel mai mult conteaz\u0103 povestea din spatele obiectelor. \u00cen spatele fiec\u0103rei colec\u021bii, se afl\u0103 de cele mai multe ori un efort impresionant de selectare, arhivare, \u00eengrijire \u0219i depozitare. Obiectele adunate \u00eenseamn\u0103 o perioad\u0103\u2026","rel":"","context":"In &quot;actualitati&quot;","block_context":{"text":"actualitati","link":"https:\/\/muzeusm.ro\/en\/category\/actualitati\/"},"img":{"alt_text":"","src":"https:\/\/i0.wp.com\/www.muzeusm.ro\/wp-content\/uploads\/2017\/10\/afis-A3-210x300.jpg?resize=350%2C200","width":350,"height":200},"classes":[]},{"id":2710,"url":"https:\/\/muzeusm.ro\/en\/expozitiei-de-pictura-si-sculptura-a-grupului-f\/","url_meta":{"origin":15783,"position":2},"title":"Expozi\u0163iei de Pictur\u0103 \u015fi Sculptur\u0103 a Grupului \u201e f \u201d","author":"Dobrescu Adela Catalina","date":"10 July 2017","format":false,"excerpt":"Muzeul Jude\u0163ean Satu Mare, v\u0103 invit\u0103 s\u0103 participa\u0163i la vernisajul Expozi\u0163iei de Pictur\u0103 \u015fi Sculptur\u0103 a Grupului \u201e f \u201d- Ungaria, care va avea loc mar\u0163i 11 iulie 2017, ora 16.oo, la Sec\u0163ia de Art\u0103 a Muzeului Jude\u0163ean Satu Mare, P-\u0163a Libert\u0103\u0163ii nr 21. Expozi\u0163ia care cuprinde lucr\u0103rile arti\u015ftilor: Filep\u2026","rel":"","context":"In &quot;actualitati&quot;","block_context":{"text":"actualitati","link":"https:\/\/muzeusm.ro\/en\/category\/actualitati\/"},"img":{"alt_text":"","src":"https:\/\/i0.wp.com\/www.muzeusm.ro\/wp-content\/uploads\/2017\/07\/f-csoport-plak%C3%A1t-m%C3%A1solata-m%C3%A1solata-2-m%C3%A1solata-212x300.jpg?resize=350%2C200","width":350,"height":200},"classes":[]},{"id":2379,"url":"https:\/\/muzeusm.ro\/en\/expozitie-retrospesctive-rurale\/","url_meta":{"origin":15783,"position":3},"title":"Expozi\u021bie \u201eRetrospesctive rurale\u201d","author":"Dobrescu Adela Catalina","date":"29 May 2017","format":false,"excerpt":"Muzeul Jude\u0163ean Satu Mare Sec\u0163ia Art\u0103, v\u0103 invit\u0103 s\u0103 participa\u0163i la vernisajul expozi\u0163iei de art\u0103 plastic\u0103: \u201cRetrospective rurale\u201d, semnat\u0103 Ciprian Cosma. Artistul n\u0103scut \u00een comuna Cruci\u015for, jude\u0163ul Satu Mare, este absolventul Facult\u0103\u021bii de Litere din Baia Mare \u2013 Sec\u021bia Pictur\u0103, fiind recent \u015fi membru al UAPR, filiala Baia Mare. Expozi\u0163ia\u2026","rel":"","context":"In &quot;actualitati&quot;","block_context":{"text":"actualitati","link":"https:\/\/muzeusm.ro\/en\/category\/actualitati\/"},"img":{"alt_text":"","src":"https:\/\/i0.wp.com\/www.muzeusm.ro\/wp-content\/uploads\/2017\/05\/AFIS-225x300.jpg?resize=350%2C200","width":350,"height":200},"classes":[]},{"id":2388,"url":"https:\/\/muzeusm.ro\/en\/2388-2\/","url_meta":{"origin":15783,"position":4},"title":"Eveniment","author":"Dobrescu Adela Catalina","date":"30 May 2017","format":false,"excerpt":"Muzeul Jude\u0163ean Satu Mare, are pl\u0103cerea s\u0103 v\u0103 invite s\u0103 participa\u0163i la evenimentele organizate cu prilejul Zilei Interna\u0163ionale a Copilului Miercuri 31 mai 2017, ora 14.00, la Sec\u0163ia de Art\u0103 a Muzeului Jude\u0163ean Satu Mare (P-\u0163a Libert\u0103\u0163ii nr 21), se va desf\u0103\u015fura\u00a0 a III- a edi\u021bie a \u201eGaleriei copiilor\u201d. Vor\u2026","rel":"","context":"In &quot;actualitati&quot;","block_context":{"text":"actualitati","link":"https:\/\/muzeusm.ro\/en\/category\/actualitati\/"},"img":{"alt_text":"","src":"https:\/\/i0.wp.com\/www.muzeusm.ro\/wp-content\/uploads\/2017\/05\/Lumea-mea-213x300.jpg?resize=350%2C200","width":350,"height":200},"classes":[]},{"id":2727,"url":"https:\/\/muzeusm.ro\/en\/comunicat\/","url_meta":{"origin":15783,"position":5},"title":"Comunicat","author":"Dobrescu Adela Catalina","date":"19 July 2017","format":false,"excerpt":"Muzeul Jude\u0163ean Satu Mare, anun\u0163\u0103 publicul vizitator, c\u0103 \u00een perioada 20 iulie-20 august 2017, la sediul s\u0103u \u2013 B-dul Vasile Lucaciu nr 21. - se vor efectua o serie de lucr\u0103ri de reamenajare \u015fi renovare, astfel c\u0103 vizitarea expozi\u0163iilor permanente \u015fi temporare se suspend\u0103. Mul\u0163umim pentru \u00een\u0163elegere \u015fi a\u015ftept\u0103m cu\u2026","rel":"","context":"In &quot;actualitati&quot;","block_context":{"text":"actualitati","link":"https:\/\/muzeusm.ro\/en\/category\/actualitati\/"},"img":{"alt_text":"","src":"","width":0,"height":0},"classes":[]}],"jetpack_sharing_enabled":true,"jetpack_shortlink":"https:\/\/wp.me\/pfvnyQ-46z","_links":{"self":[{"href":"https:\/\/muzeusm.ro\/en\/wp-json\/wp\/v2\/posts\/15783","targetHints":{"allow":["GET"]}}],"collection":[{"href":"https:\/\/muzeusm.ro\/en\/wp-json\/wp\/v2\/posts"}],"about":[{"href":"https:\/\/muzeusm.ro\/en\/wp-json\/wp\/v2\/types\/post"}],"author":[{"embeddable":true,"href":"https:\/\/muzeusm.ro\/en\/wp-json\/wp\/v2\/users\/245723488"}],"replies":[{"embeddable":true,"href":"https:\/\/muzeusm.ro\/en\/wp-json\/wp\/v2\/comments?post=15783"}],"version-history":[{"count":3,"href":"https:\/\/muzeusm.ro\/en\/wp-json\/wp\/v2\/posts\/15783\/revisions"}],"predecessor-version":[{"id":15790,"href":"https:\/\/muzeusm.ro\/en\/wp-json\/wp\/v2\/posts\/15783\/revisions\/15790"}],"wp:attachment":[{"href":"https:\/\/muzeusm.ro\/en\/wp-json\/wp\/v2\/media?parent=15783"}],"wp:term":[{"taxonomy":"category","embeddable":true,"href":"https:\/\/muzeusm.ro\/en\/wp-json\/wp\/v2\/categories?post=15783"},{"taxonomy":"post_tag","embeddable":true,"href":"https:\/\/muzeusm.ro\/en\/wp-json\/wp\/v2\/tags?post=15783"}],"curies":[{"name":"wp","href":"https:\/\/api.w.org\/{rel}","templated":true}]}}