{"id":15156,"date":"2024-08-27T10:14:52","date_gmt":"2024-08-27T07:14:52","guid":{"rendered":"https:\/\/muzeusm.ro\/?p=15156"},"modified":"2024-08-27T10:14:53","modified_gmt":"2024-08-27T07:14:53","slug":"noaptea-muzeelor-la-sate-2024","status":"publish","type":"post","link":"https:\/\/muzeusm.ro\/en\/noaptea-muzeelor-la-sate-2024\/","title":{"rendered":"Noaptea muzeelor la sate 2024"},"content":{"rendered":"\n<p>Dup\u0103 succesul din 2023 a primei edi\u021bii a proiectului \u201eNoaptea muzeelor la sate\u201d, Re\u021beaua Na\u021bional\u0103 a Muzeelor din Rom\u00e2nia continu\u0103 derularea acestuia \u0219i \u00een anul 2024. Astfel, \u00een data de 31 august, muzee din mediul rural din \u00eentreaga \u021bar\u0103, vor desf\u0103\u0219ura evenimente culturale \u0219i programe educative destinate promov\u0103rii patrimoniului muzeal propriu.<\/p>\n\n\n\n<p>Muzeul Jude\u021bean Satu Mare a acceptat cu bucurie aceast\u0103 nou\u0103 provocare \u0219i ofer\u0103 tuturor celor interesa\u021bi un amplu program ce include vizite \u0219i activit\u0103\u021bi culturale la muzeele \u0219i casele muzeu de la sate, aflate pe \u00eentreg teritoriul jude\u021bului Satu Mare:<\/p>\n\n\n\n<ul class=\"wp-block-list\">\n<li><strong>Muzeul Memorial \u201eDr. Vasile Lucaciu \u201d Apa<\/strong> &#8211; v\u00e2n\u0103toare de comori, ateliere de crea\u021bie \u00een lut, pictur\u0103\/desen,&nbsp; labirintul istoriei, pove\u0219tile satului, jocurile copil\u0103riei.<\/li>\n\n\n\n<li>\u201dMinicurs gratuit de istorie\u201d- \u201dTransform\u0103&nbsp;\u00eenv\u0103\u021barea la istorie dintr-un chin \u00eentr-o aventur\u0103&nbsp;interesant\u0103!\u201d- invitat dr. Adriana Zaharia.<\/li>\n<\/ul>\n\n\n\n<p>Coordonatori: dr. Daniela B\u0103lu, director MJSM, Alexandra Sima, educator muzeal MJSM<strong>.<\/strong><\/p>\n\n\n\n<p>Programul \u00eencepe la ora 18:00 &#8211; la Biserica din lemn de l\u00e2ng\u0103 \u0218coala Gimnazial\u0103 \u201dVasile Lucaciu\u201d,&nbsp;apoi continu\u0103 la Casa Memorial\u0103 din centrul comunei.<\/p>\n\n\n\n<ul class=\"wp-block-list\">\n<li><strong>Muzeul \u0218v\u0103besc Petre\u0219ti<\/strong> &#8211; Proiec\u021bie de film antropologic \u201ePlac\u0103 de pofti\u021bi la P\u00e2ine\u201d.<\/li>\n<\/ul>\n\n\n\n<p>Coordonatori: Adriana Achim, Br\u0103du\u021b Popdan, muzeografi MJSM.<\/p>\n\n\n\n<ul class=\"wp-block-list\">\n<li><strong>Muzeul Ugocea &#8211; Oa\u0219 Tarna Mare <\/strong>\u2013 \u201e\u0218ez\u0103toarea satului\u201d, la care particip\u0103 femei din comunitatea local\u0103, p\u0103str\u0103toare ale obiceiurilor, tradi\u021biilor \u0219i mai ales a me\u0219te\u0219ugurilor populare.<\/li>\n<\/ul>\n\n\n\n<p>Coordonator: Mariana Conio\u0219i- bibliotecar.<\/p>\n\n\n\n<ul class=\"wp-block-list\">\n<li><strong>Muzeul Local Tur\u021b- <\/strong>\u201eClac\u0103 cu pove\u0219ti pe prispa casei\u201d -descoperirea practicilor arhaice de lucru.<\/li>\n\n\n\n<li>&nbsp;Prezentarea proiectului \u201eMuzee de la sat\u201d, realizat de Real Tour Ro.<\/li>\n<\/ul>\n\n\n\n<p>Coordonatori: dr. Mihaela Grigorean-cercet\u0103tor MJSM,<a>Kov\u00e1cs Zsolt-referent mass media,<\/a> Diana Tout Belbe, supraveghetor Muzeul local Tur\u021b, Ioan Belbe.<\/p>\n\n\n\n<p><strong>Vor fi deschise pentru vizitare:<\/strong><\/p>\n\n\n\n<ul class=\"wp-block-list\">\n<li><strong>Muzeul Maghiar \u201eSipos L\u00e1szlo\u201d<\/strong> <strong>Bogdand<\/strong><\/li>\n\n\n\n<li>C<strong>omplexul Memorial \u201eAdy Endre\u201d<\/strong><\/li>\n\n\n\n<li><strong>Muzeul Mo\u021bilor Sc\u0103ri\u0219oara Nou\u0103<\/strong><\/li>\n\n\n\n<li><strong>Casa \u021a\u0103r\u0103neasc\u0103 Andrid<\/strong><\/li>\n\n\n\n<li><strong>Muzeul Local Ora\u0219u Nou<\/strong><\/li>\n<\/ul>\n\n\n\n<ul class=\"wp-block-list\">\n<li><strong>Casa \u021a\u0103r\u0103neasc\u0103 Certeze<\/strong><\/li>\n\n\n\n<li><strong>Casa muzeu T\u0103\u0219nad.<\/strong><\/li>\n<\/ul>\n\n\n\n<p><strong>Intervalul orar \u00eentre care se desf\u0103\u0219oar\u0103 acest proiect este 18.00 \u2013 21.00, intrarea fiind liber\u0103.<\/strong><\/p>\n\n\n\n<p><strong>Parteneri<\/strong>: \u0218coala Gimnazial\u0103 \u201dVasile Lucaciu\u201d Apa, Prim\u0103ria Comunei Petre\u0219ti, Uniunea Ucrainenilor din Rom\u00e2nia &#8211; Filiala Satu Mare, Liceul Tehnologic Tarna Mare, Prim\u0103ria Tarna Mare, Palatul Copiilor Satu Mare.<\/p>\n\n\n\n<p><strong>Parteneri media<\/strong>: Trustul Informa\u021bia Zilei Satu Mare, Gazeta de Nord Vest, Portal SM. <\/p>\n\n\n\n<p>V\u0103 a\u0219tept\u0103m cu drag !<\/p>\n\n\n\n<p>A nagy sikert el\u00e9rt \u201eM\u00fazeumok \u00e9jszak\u00e1ja a falvakban\u2019 els\u0151 megrendez\u00e9s\u00e9b\u0151l kifoly\u00f3lag, a Rom\u00e1niai M\u00fazeumok Orsz\u00e1gos H\u00e1l\u00f3zata \u00fagy d\u00f6nt\u00f6tt folytatni fogja ezt a kezdem\u00e9nyez\u00e9st. Augusztus 31-\u00e9n az orsz\u00e1g \u00f6sszes vid\u00e9ki m\u00fazeum\u00e1ban kultur\u00e1lis esem\u00e9nyek \u00e9s nevel\u00e9si programok zajlanak majd, annak \u00e9rdek\u00e9ben, hogy a saj\u00e1t m\u00fazeumi hagyat\u00e9kaikat n\u00e9pszer\u0171s\u00edtsek.<\/p>\n\n\n\n<p>&nbsp;&nbsp;&nbsp;&nbsp;&nbsp;&nbsp;&nbsp;&nbsp;&nbsp; A Szatm\u00e1r Megyei M\u00fazeum (SzMM) boldogan fogadta a kih\u00edv\u00e1st \u00e9s egy \u00e1tfog\u00f3 programmal lepi meg az \u00e9rdekl\u0151d\u0151ket. Ennek kereteiben a Szatm\u00e1r megyei vid\u00e9ki m\u00fazeumokat \u00e9s t\u00e1jh\u00e1zakat lehet l\u00e1togatni, illetve olyan kultur\u00e1lis tev\u00e9kenys\u00e9gekben lehet r\u00e9szt venni, amelyeket ezekben rendeznek.<\/p>\n\n\n\n<p>&#8211; <strong>\u201eDr. Vasile Lucaciu\u201d Eml\u00e9km\u00fazeum, Apa <\/strong>\u2013 Kincskeres\u0151 verseny, agyag modellez\u00e9s, rajz \u00e9s fest\u00e9szet alkot\u00f3i m\u0171helyek, a t\u00f6rt\u00e9nelem labirintusa, a falu mes\u00e9i, a gyerekkor j\u00e1t\u00e9kai.<\/p>\n\n\n\n<p>&#8211; \u201eIngyenes t\u00f6rt\u00e9nelmi tanfolyam\u201d \u2013 \u201eHogyan tegy\u00fck \u00e9rdekess\u00e9 a t\u00f6rt\u00e9nelem tanul\u00e1s\u00e1t?\u201d &#8211; megh\u00edvott dr. Adriana Zaharia<\/p>\n\n\n\n<p>Koordin\u00e1torok: dr. Daniela B\u0103lu, a SzMM igazgat\u00f3ja, Alexandra Sima, m\u00fazeumpedag\u00f3gus, SzMM.<\/p>\n\n\n\n<p><strong>-Sv\u00e1b m\u00fazeum, Mez\u0151petri<\/strong>&nbsp; &#8211; antropol\u00f3giai film vet\u00edt\u00e9s: \u201eKenyeret tess\u00e9k\u201d<\/p>\n\n\n\n<p>Koordin\u00e1torok: Adriana Achim, Br\u0103du\u021b Popdan, m\u00fazeolog\u00f3sok, SzMM<\/p>\n\n\n\n<p>&#8211; <strong>Ugocsa-Avas M\u00fazeum, Nagytarna \u2013<\/strong> \u201eA fal\u00fa fon\u00f3ja\u201d, helyi hagyom\u00e1ny\u0151rz\u0151 n\u0151k vesznek r\u00e9szt adj\u00e1k \u00e1t tud\u00e1sukat.<\/p>\n\n\n\n<p>Koordin\u00e1tor: Mariana Conio\u0219i, k\u00f6nyvt\u00e1ros<\/p>\n\n\n\n<p>&#8211;<strong> Helyi M\u00fazeum, Turc<\/strong> \u2013 \u201eT\u00f6rt\u00e9netek kal\u00e1k\u00e1ja\u201d \u2013 r\u00e9gi munka m\u00f3dszerek felfedez\u00e9se (ragaszt\u00e1s, vakol\u00e1s, meszel\u00e9s) \u00e9s a Real Tour Ro \u00e1ltal rendezett \u201eA vid\u00e9ki m\u00fazeumok\u201d projekt bemutat\u00e1sa<\/p>\n\n\n\n<p>Koordin\u00e1torok: dr. Mihaela Grigorean, kutat\u00f3, SzMM, Kov\u00e1cs Zsolt- t\u00f6megt\u00e1j\u00e9koztat\u00e1si referens, Diana Tout Belbe, terem\u0151r, Turci Helyi M\u00fazeum, Ioan Belbe.<\/p>\n\n\n\n<p><strong>&#8211; \u201eSipos L\u00e1szl\u00f3\u201d Magyar N\u00e9prajzi M\u00fazeum, Bogd\u00e1nd<\/strong><\/p>\n\n\n\n<p><strong>&#8211; \u201eAdy Endre\u201d Eml\u00e9km\u00fazeum<\/strong><\/p>\n\n\n\n<p><strong>&#8211; M\u00f3cok M\u00fazeuma, Piskoltliget<\/strong><\/p>\n\n\n\n<p><strong>&#8211; T\u00e1jh\u00e1z, \u00c9rendr\u00e9d<\/strong><\/p>\n\n\n\n<p><strong>&#8211; Helyi M\u00fazeum, Avas\u00fajv\u00e1ros<\/strong><\/p>\n\n\n\n<p><strong>&#8211; T\u00e1jh\u00e1z, Avas\u00fajfalu<\/strong><\/p>\n\n\n\n<p><strong>&#8211; T\u00e1jh\u00e1z, Tasn\u00e1d<\/strong><\/p>\n\n\n\n<p>Az esem\u00e9ny 18 \u00e9s 21 \u00f3ra k\u00f6z\u00f6tt zajlik. A bel\u00e9p\u00e9s ingyenes.<\/p>\n\n\n\n<p><strong>Partnerek:<\/strong> \u201eVasile Lucaciu\u201d Gimn\u00e1zium, Apa, Mez\u0151petri Polg\u00e1rmesteri Hivatal, a Rom\u00e1niai Ukr\u00e1nok Sz\u00f6vets\u00e9g\u00e9nek szatm\u00e1ri fi\u00f3kja, a nagytarnai Technikai Gimn\u00e1zium, a Nagytarnai Polg\u00e1rmesteri Hivatal, a szatm\u00e1ri Gyerekek Palot\u00e1ja.<\/p>\n\n\n\n<p><strong>M<\/strong><strong>\u00e9diapartnerek<\/strong>: Trustul Informa\u021bia Zilei, Szatm\u00e1rn\u00e9meti, Gazeta de Nord Vest, Portal SM<\/p>\n\n\n\n<p>Szeretettel v\u00e1runk mindenkit!<\/p>\n\n\n\n<figure class=\"wp-block-gallery has-nested-images columns-default is-cropped wp-block-gallery-1 is-layout-flex wp-block-gallery-is-layout-flex\">\n<figure class=\"wp-block-image size-large\"><img loading=\"lazy\" decoding=\"async\" width=\"732\" height=\"1024\" data-attachment-id=\"15159\" data-permalink=\"https:\/\/muzeusm.ro\/en\/noaptea-muzeelor-la-sate-2024\/2nms2_afis_afis\/\" data-orig-file=\"https:\/\/muzeusm.ro\/wp-content\/uploads\/2024\/08\/2NMS2_afis_afis.png\" data-orig-size=\"4168,5834\" data-comments-opened=\"1\" data-image-meta=\"{&quot;aperture&quot;:&quot;0&quot;,&quot;credit&quot;:&quot;&quot;,&quot;camera&quot;:&quot;&quot;,&quot;caption&quot;:&quot;&quot;,&quot;created_timestamp&quot;:&quot;0&quot;,&quot;copyright&quot;:&quot;&quot;,&quot;focal_length&quot;:&quot;0&quot;,&quot;iso&quot;:&quot;0&quot;,&quot;shutter_speed&quot;:&quot;0&quot;,&quot;title&quot;:&quot;&quot;,&quot;orientation&quot;:&quot;0&quot;}\" data-image-title=\"2NMS2_afi\u0219_afi\u0219\" data-image-description=\"\" data-image-caption=\"\" data-medium-file=\"https:\/\/muzeusm.ro\/wp-content\/uploads\/2024\/08\/2NMS2_afis_afis-214x300.png\" data-large-file=\"https:\/\/muzeusm.ro\/wp-content\/uploads\/2024\/08\/2NMS2_afis_afis-732x1024.png\" data-id=\"15159\" src=\"https:\/\/muzeusm.ro\/wp-content\/uploads\/2024\/08\/2NMS2_afis_afis-732x1024.png\" alt=\"\" class=\"wp-image-15159\" srcset=\"https:\/\/muzeusm.ro\/wp-content\/uploads\/2024\/08\/2NMS2_afis_afis-732x1024.png 732w, https:\/\/muzeusm.ro\/wp-content\/uploads\/2024\/08\/2NMS2_afis_afis-214x300.png 214w, https:\/\/muzeusm.ro\/wp-content\/uploads\/2024\/08\/2NMS2_afis_afis-768x1075.png 768w, https:\/\/muzeusm.ro\/wp-content\/uploads\/2024\/08\/2NMS2_afis_afis-1097x1536.png 1097w, https:\/\/muzeusm.ro\/wp-content\/uploads\/2024\/08\/2NMS2_afis_afis-1463x2048.png 1463w, https:\/\/muzeusm.ro\/wp-content\/uploads\/2024\/08\/2NMS2_afis_afis-1568x2195.png 1568w\" sizes=\"auto, (max-width: 732px) 100vw, 732px\" \/><\/figure>\n\n\n\n<figure class=\"wp-block-image size-large\"><img loading=\"lazy\" decoding=\"async\" width=\"732\" height=\"1024\" data-attachment-id=\"15158\" data-permalink=\"https:\/\/muzeusm.ro\/en\/noaptea-muzeelor-la-sate-2024\/hu2nms2_afis_afis\/\" data-orig-file=\"https:\/\/muzeusm.ro\/wp-content\/uploads\/2024\/08\/HU2NMS2_afis_afis.png\" data-orig-size=\"4168,5834\" data-comments-opened=\"1\" data-image-meta=\"{&quot;aperture&quot;:&quot;0&quot;,&quot;credit&quot;:&quot;&quot;,&quot;camera&quot;:&quot;&quot;,&quot;caption&quot;:&quot;&quot;,&quot;created_timestamp&quot;:&quot;0&quot;,&quot;copyright&quot;:&quot;&quot;,&quot;focal_length&quot;:&quot;0&quot;,&quot;iso&quot;:&quot;0&quot;,&quot;shutter_speed&quot;:&quot;0&quot;,&quot;title&quot;:&quot;&quot;,&quot;orientation&quot;:&quot;0&quot;}\" data-image-title=\"HU2NMS2_afi\u0219_afi\u0219\" data-image-description=\"\" data-image-caption=\"\" data-medium-file=\"https:\/\/muzeusm.ro\/wp-content\/uploads\/2024\/08\/HU2NMS2_afis_afis-214x300.png\" data-large-file=\"https:\/\/muzeusm.ro\/wp-content\/uploads\/2024\/08\/HU2NMS2_afis_afis-732x1024.png\" data-id=\"15158\" src=\"https:\/\/muzeusm.ro\/wp-content\/uploads\/2024\/08\/HU2NMS2_afis_afis-732x1024.png\" alt=\"\" class=\"wp-image-15158\" srcset=\"https:\/\/muzeusm.ro\/wp-content\/uploads\/2024\/08\/HU2NMS2_afis_afis-732x1024.png 732w, https:\/\/muzeusm.ro\/wp-content\/uploads\/2024\/08\/HU2NMS2_afis_afis-214x300.png 214w, https:\/\/muzeusm.ro\/wp-content\/uploads\/2024\/08\/HU2NMS2_afis_afis-768x1075.png 768w, https:\/\/muzeusm.ro\/wp-content\/uploads\/2024\/08\/HU2NMS2_afis_afis-1097x1536.png 1097w, https:\/\/muzeusm.ro\/wp-content\/uploads\/2024\/08\/HU2NMS2_afis_afis-1463x2048.png 1463w, https:\/\/muzeusm.ro\/wp-content\/uploads\/2024\/08\/HU2NMS2_afis_afis-1568x2195.png 1568w\" sizes=\"auto, (max-width: 732px) 100vw, 732px\" \/><\/figure>\n<\/figure>\n","protected":false},"excerpt":{"rendered":"<p>Dup\u0103 succesul din 2023 a primei edi\u021bii a proiectului \u201eNoaptea muzeelor la sate\u201d, Re\u021beaua Na\u021bional\u0103 a Muzeelor din Rom\u00e2nia continu\u0103 derularea acestuia \u0219i \u00een anul 2024. Astfel, \u00een data de 31 august, muzee din mediul rural din \u00eentreaga \u021bar\u0103, vor desf\u0103\u0219ura evenimente culturale \u0219i programe educative destinate promov\u0103rii patrimoniului muzeal propriu. Muzeul Jude\u021bean Satu Mare<a class=\"more-link\" href=\"https:\/\/muzeusm.ro\/en\/noaptea-muzeelor-la-sate-2024\/\">Continue reading <span class=\"screen-reader-text\">&#8220;Noaptea muzeelor la sate 2024&#8221;<\/span><\/a><\/p>\n","protected":false},"author":243833644,"featured_media":0,"comment_status":"open","ping_status":"open","sticky":false,"template":"","format":"standard","meta":{"_coblocks_attr":"","_coblocks_dimensions":"","_coblocks_responsive_height":"","_coblocks_accordion_ie_support":"","advanced_seo_description":"","jetpack_seo_html_title":"","jetpack_seo_noindex":false,"jetpack_post_was_ever_published":false,"_jetpack_newsletter_access":"","_jetpack_dont_email_post_to_subs":false,"_jetpack_newsletter_tier_id":0,"_jetpack_memberships_contains_paywalled_content":false,"_jetpack_memberships_contains_paid_content":false,"footnotes":"","jetpack_publicize_message":"","jetpack_publicize_feature_enabled":true,"jetpack_social_post_already_shared":true,"jetpack_social_options":{"image_generator_settings":{"template":"highway","default_image_id":0,"font":"","enabled":false},"version":2}},"categories":[57930],"tags":[],"class_list":["post-15156","post","type-post","status-publish","format-standard","hentry","category-fara-categorie","entry"],"translation":{"provider":"WPGlobus","version":"3.0.1","language":"en","enabled_languages":["ro","hu","en"],"languages":{"ro":{"title":true,"content":true,"excerpt":false},"hu":{"title":false,"content":false,"excerpt":false},"en":{"title":false,"content":false,"excerpt":false}}},"jetpack_publicize_connections":[],"jetpack_featured_media_url":"","jetpack_likes_enabled":true,"jetpack-related-posts":[{"id":12887,"url":"https:\/\/muzeusm.ro\/en\/noaptea-muzeelor-la-sate-2023-in-imagini\/","url_meta":{"origin":15156,"position":0},"title":"NOAPTEA MUZEELOR LA SATE 2023- \u00een imagini","author":"Popdan Bradut","date":"4 September 2023","format":false,"excerpt":"... \u0219i a fost prima edi\u021bie a Nop\u021bii Muzeelor la Sate. Mul\u021bumim oaspe\u021bilor no\u0219tri pentru vizit\u0103, \u00eei a\u0219tept\u0103m \u0219i cu alte ocazii la toate obiectivele Muzeului Jude\u021bean Satu Mare.\u00a0 \u00a0 \u00a0","rel":"","context":"In &quot;actualitati&quot;","block_context":{"text":"actualitati","link":"https:\/\/muzeusm.ro\/en\/category\/actualitati\/"},"img":{"alt_text":"","src":"https:\/\/i0.wp.com\/www.muzeusm.ro\/wp-content\/uploads\/2023\/09\/Tur%C8%9B-8-225x300.jpeg?resize=350%2C200","width":350,"height":200},"classes":[]},{"id":12879,"url":"https:\/\/muzeusm.ro\/en\/noaptea-muzeelor-la-sate-2023muzeumok-ejszakaja-a-falvakban-2023\/","url_meta":{"origin":15156,"position":1},"title":"Noaptea muzeelor la sate 2023\/M\u00fazeumok \u00e9jszak\u00e1ja a falvakban 2023","author":"Popdan Bradut","date":"29 August 2023","format":false,"excerpt":"RO: Re\u021beaua Na\u021bional\u0103 a Muzeelor din Rom\u00e2nia a in\u021biat \u00eencep\u00e2nd cu anul 2023 un nou proiect cultural inedit, intitulat \u201eNoaptea muzeelor la sate\u201d. Astfel, \u00een data de 2 septembrie la o serie de muzee din mediul rural de pe \u00eentreg teritoriul Rom\u00e2niei se vor desf\u0103\u0219ura evenimente culturale \u0219i programe educative\u2026","rel":"","context":"In &quot;actualitati&quot;","block_context":{"text":"actualitati","link":"https:\/\/muzeusm.ro\/en\/category\/actualitati\/"},"img":{"alt_text":"","src":"","width":0,"height":0},"classes":[]},{"id":1715,"url":"https:\/\/muzeusm.ro\/en\/ziua-internationala-a-muzeelor\/","url_meta":{"origin":15156,"position":2},"title":"ZIUA   INTERNA\u021aIONAL\u0102   A   MUZEELOR","author":"Dobrescu Adela Catalina","date":"16 May 2016","format":false,"excerpt":"Consiliul Jude\u021bean Satu Mare, Muzeul Jude\u021bean Satu Mare, Muzeul Jude\u0163ean de Istorie \u015fi Art\u0103 \u2013 Zal\u0103u V\u0103 invit\u0103 s\u0103 participa\u021bi la colocviul cu tema TERENUL ETNOGRAFIC \u00ceNTRE CERCETAREA \u0218TIIN\u021aIFIC\u0102 \u0218I MUZEOGRAFIE \u00a0\u00a0\u00a0\u00a0\u00a0\u00a0\u00a0\u00a0\u00a0\u00a0\u00a0\u00a0\u00a0\u00a0\u00a0\u00a0\u00a0\u00a0\u00a0\u00a0\u00a0\u00a0\u00a0\u00a0\u00a0\u00a0\u00a0\u00a0\u00a0\u00a0\u00a0\u00a0 organizat cu prilejul\u00a0 \u00a0ZILEI \u00a0\u00a0INTERNA\u021aIONALE \u00a0\u00a0A \u00a0\u00a0MUZEELOR Particip\u0103 dr. Camelia Burghele, expert, cercet\u0103tor \u0219tiin\u021bific I - Muzeul Jude\u0163ean\u2026","rel":"","context":"In &quot;actualitati&quot;","block_context":{"text":"actualitati","link":"https:\/\/muzeusm.ro\/en\/category\/actualitati\/"},"img":{"alt_text":"invitatie_afis","src":"https:\/\/i0.wp.com\/www.muzeusm.ro\/wp-content\/uploads\/2016\/05\/invitatie_afis-214x300.jpg?resize=350%2C200","width":350,"height":200},"classes":[]},{"id":16957,"url":"https:\/\/muzeusm.ro\/en\/noaptea-muzeelor-la-sate-editia-a-iii-a\/","url_meta":{"origin":15156,"position":3},"title":"Noaptea muzeelor la sate \u2013 Edi\u021bia a III-a","author":"Kov\u00e1cs Zsolt","date":"1 September 2025","format":false,"excerpt":"{:ro} Noaptea muzeelor la sate \u2013 Edi\u021bia a III-a, 6 septembrie 2025 Pe 6 septembrie 2025, satele din Rom\u00e2nia prind din nou via\u021b\u0103 odat\u0103 cu cea de-a treia edi\u021bie a Nop\u021bii Muzeelor la Sate, un eveniment cultural unic \u00een Europa, dedicat patrimoniului rural \u0219i comunit\u0103\u021bilor care \u00eel p\u0103streaz\u0103 viu. Vizitatorii\u2026","rel":"","context":"In &quot;Evenimente&quot;","block_context":{"text":"Evenimente","link":"https:\/\/muzeusm.ro\/en\/category\/evenimente\/"},"img":{"alt_text":"","src":"https:\/\/i0.wp.com\/muzeusm.ro\/wp-content\/uploads\/2025\/09\/540919204_1373473091447156_1866698162337447308_n.jpg?resize=350%2C200&ssl=1","width":350,"height":200,"srcset":"https:\/\/i0.wp.com\/muzeusm.ro\/wp-content\/uploads\/2025\/09\/540919204_1373473091447156_1866698162337447308_n.jpg?resize=350%2C200&ssl=1 1x, https:\/\/i0.wp.com\/muzeusm.ro\/wp-content\/uploads\/2025\/09\/540919204_1373473091447156_1866698162337447308_n.jpg?resize=525%2C300&ssl=1 1.5x, https:\/\/i0.wp.com\/muzeusm.ro\/wp-content\/uploads\/2025\/09\/540919204_1373473091447156_1866698162337447308_n.jpg?resize=700%2C400&ssl=1 2x, https:\/\/i0.wp.com\/muzeusm.ro\/wp-content\/uploads\/2025\/09\/540919204_1373473091447156_1866698162337447308_n.jpg?resize=1050%2C600&ssl=1 3x, https:\/\/i0.wp.com\/muzeusm.ro\/wp-content\/uploads\/2025\/09\/540919204_1373473091447156_1866698162337447308_n.jpg?resize=1400%2C800&ssl=1 4x"},"classes":[]},{"id":14508,"url":"https:\/\/muzeusm.ro\/en\/muzee-de-la-sat-30-mai-2024\/","url_meta":{"origin":15156,"position":4},"title":"Muzee de la sat &#8211; 30 mai 2024","author":"norbertlorincz","date":"30 May 2024","format":false,"excerpt":"RO: 10 case muzeu din zona rural\u0103 a jude\u021bului Satu Mare vor fi promovate, \u00eencep\u00e2nd cu luna iulie 2024, prin tururi virtuale 3D interactive, realizate cu echipament de \u00eenalt\u0103 performan\u021b\u0103. Ele vor fi integrate \u0219i \u00een Google Street View, Google Maps \u0219i Google Earth. Tururile vor fi disponibile pentru vizitare\u2026","rel":"","context":"In &quot;F\u0103r\u0103 categorie&quot;","block_context":{"text":"F\u0103r\u0103 categorie","link":"https:\/\/muzeusm.ro\/en\/category\/fara-categorie\/"},"img":{"alt_text":"","src":"","width":0,"height":0},"classes":[]},{"id":13968,"url":"https:\/\/muzeusm.ro\/en\/noaptea-europeana-a-muzeelor\/","url_meta":{"origin":15156,"position":5},"title":"\u201dNOAPTEA EUROPEAN\u0102 A MUZEELOR\u201d","author":"norbertlorincz","date":"16 May 2024","format":false,"excerpt":"\u201dNOAPTEA ARTELOR\u201d\u00a0 LA MUZEUL DE ART\u0102 - 18 MAI 2024 Ini\u021biat\u0103 de Ministerul Culturii \u0219i Comunic\u0103rii din Fran\u021ba \u0219i patronat\u0103 \u00een prezent de Consiliul Europei, de UNESCO \u0219i de Consiliul Interna\u021bional al Muzeelor, NOAPTEA EUROPEAN\u0102 A MUZEELOR este un fenomen cultural emblematic \u0219i o marc\u0103 de referin\u021b\u0103 pentru Muzeul Jude\u021bean\u2026","rel":"","context":"In &quot;actualitati&quot;","block_context":{"text":"actualitati","link":"https:\/\/muzeusm.ro\/en\/category\/actualitati\/"},"img":{"alt_text":"","src":"https:\/\/i0.wp.com\/muzeusm.ro\/wp-content\/uploads\/2024\/05\/nOAPTEA-MUZEELOR-INVITATIE_001.jpg?resize=350%2C200&ssl=1","width":350,"height":200,"srcset":"https:\/\/i0.wp.com\/muzeusm.ro\/wp-content\/uploads\/2024\/05\/nOAPTEA-MUZEELOR-INVITATIE_001.jpg?resize=350%2C200&ssl=1 1x, https:\/\/i0.wp.com\/muzeusm.ro\/wp-content\/uploads\/2024\/05\/nOAPTEA-MUZEELOR-INVITATIE_001.jpg?resize=525%2C300&ssl=1 1.5x, https:\/\/i0.wp.com\/muzeusm.ro\/wp-content\/uploads\/2024\/05\/nOAPTEA-MUZEELOR-INVITATIE_001.jpg?resize=700%2C400&ssl=1 2x, https:\/\/i0.wp.com\/muzeusm.ro\/wp-content\/uploads\/2024\/05\/nOAPTEA-MUZEELOR-INVITATIE_001.jpg?resize=1050%2C600&ssl=1 3x, https:\/\/i0.wp.com\/muzeusm.ro\/wp-content\/uploads\/2024\/05\/nOAPTEA-MUZEELOR-INVITATIE_001.jpg?resize=1400%2C800&ssl=1 4x"},"classes":[]}],"jetpack_sharing_enabled":true,"jetpack_shortlink":"https:\/\/wp.me\/pfvnyQ-3Ws","_links":{"self":[{"href":"https:\/\/muzeusm.ro\/en\/wp-json\/wp\/v2\/posts\/15156","targetHints":{"allow":["GET"]}}],"collection":[{"href":"https:\/\/muzeusm.ro\/en\/wp-json\/wp\/v2\/posts"}],"about":[{"href":"https:\/\/muzeusm.ro\/en\/wp-json\/wp\/v2\/types\/post"}],"author":[{"embeddable":true,"href":"https:\/\/muzeusm.ro\/en\/wp-json\/wp\/v2\/users\/243833644"}],"replies":[{"embeddable":true,"href":"https:\/\/muzeusm.ro\/en\/wp-json\/wp\/v2\/comments?post=15156"}],"version-history":[{"count":1,"href":"https:\/\/muzeusm.ro\/en\/wp-json\/wp\/v2\/posts\/15156\/revisions"}],"predecessor-version":[{"id":15160,"href":"https:\/\/muzeusm.ro\/en\/wp-json\/wp\/v2\/posts\/15156\/revisions\/15160"}],"wp:attachment":[{"href":"https:\/\/muzeusm.ro\/en\/wp-json\/wp\/v2\/media?parent=15156"}],"wp:term":[{"taxonomy":"category","embeddable":true,"href":"https:\/\/muzeusm.ro\/en\/wp-json\/wp\/v2\/categories?post=15156"},{"taxonomy":"post_tag","embeddable":true,"href":"https:\/\/muzeusm.ro\/en\/wp-json\/wp\/v2\/tags?post=15156"}],"curies":[{"name":"wp","href":"https:\/\/api.w.org\/{rel}","templated":true}]}}