{"id":15035,"date":"2024-08-23T16:26:09","date_gmt":"2024-08-23T13:26:09","guid":{"rendered":"https:\/\/muzeusm.ro\/?p=15035"},"modified":"2024-08-23T16:26:09","modified_gmt":"2024-08-23T13:26:09","slug":"23-august-1944-80-de-ani","status":"publish","type":"post","link":"https:\/\/muzeusm.ro\/en\/23-august-1944-80-de-ani\/","title":{"rendered":"23 August 1944 &#8211; 80 de ani"},"content":{"rendered":"\n<figure class=\"wp-block-gallery has-nested-images columns-default is-cropped wp-block-gallery-1 is-layout-flex wp-block-gallery-is-layout-flex\">\n<figure class=\"wp-block-image size-large\"><img loading=\"lazy\" decoding=\"async\" width=\"1024\" height=\"828\" data-attachment-id=\"15036\" data-permalink=\"https:\/\/muzeusm.ro\/en\/23-august-1944-80-de-ani\/4-7\/\" data-orig-file=\"https:\/\/muzeusm.ro\/wp-content\/uploads\/2024\/08\/4.jpg\" data-orig-size=\"1800,1455\" data-comments-opened=\"1\" data-image-meta=\"{&quot;aperture&quot;:&quot;0&quot;,&quot;credit&quot;:&quot;&quot;,&quot;camera&quot;:&quot;&quot;,&quot;caption&quot;:&quot;&quot;,&quot;created_timestamp&quot;:&quot;0&quot;,&quot;copyright&quot;:&quot;&quot;,&quot;focal_length&quot;:&quot;0&quot;,&quot;iso&quot;:&quot;0&quot;,&quot;shutter_speed&quot;:&quot;0&quot;,&quot;title&quot;:&quot;&quot;,&quot;orientation&quot;:&quot;1&quot;}\" data-image-title=\"4\" data-image-description=\"\" data-image-caption=\"\" data-medium-file=\"https:\/\/muzeusm.ro\/wp-content\/uploads\/2024\/08\/4-300x243.jpg\" data-large-file=\"https:\/\/muzeusm.ro\/wp-content\/uploads\/2024\/08\/4-1024x828.jpg\" data-id=\"15036\" src=\"https:\/\/muzeusm.ro\/wp-content\/uploads\/2024\/08\/4-1024x828.jpg\" alt=\"\" class=\"wp-image-15036\" srcset=\"https:\/\/muzeusm.ro\/wp-content\/uploads\/2024\/08\/4-1024x828.jpg 1024w, https:\/\/muzeusm.ro\/wp-content\/uploads\/2024\/08\/4-300x243.jpg 300w, https:\/\/muzeusm.ro\/wp-content\/uploads\/2024\/08\/4-768x621.jpg 768w, https:\/\/muzeusm.ro\/wp-content\/uploads\/2024\/08\/4-1536x1242.jpg 1536w, https:\/\/muzeusm.ro\/wp-content\/uploads\/2024\/08\/4-1568x1267.jpg 1568w, https:\/\/muzeusm.ro\/wp-content\/uploads\/2024\/08\/4.jpg 1800w\" sizes=\"auto, (max-width: 1024px) 100vw, 1024px\" \/><\/figure>\n\n\n\n<figure class=\"wp-block-image size-large\"><img loading=\"lazy\" decoding=\"async\" width=\"1018\" height=\"1024\" data-attachment-id=\"15037\" data-permalink=\"https:\/\/muzeusm.ro\/en\/23-august-1944-80-de-ani\/6-3\/\" data-orig-file=\"https:\/\/muzeusm.ro\/wp-content\/uploads\/2024\/08\/6.jpg\" data-orig-size=\"1789,1800\" data-comments-opened=\"1\" data-image-meta=\"{&quot;aperture&quot;:&quot;0&quot;,&quot;credit&quot;:&quot;&quot;,&quot;camera&quot;:&quot;&quot;,&quot;caption&quot;:&quot;&quot;,&quot;created_timestamp&quot;:&quot;0&quot;,&quot;copyright&quot;:&quot;&quot;,&quot;focal_length&quot;:&quot;0&quot;,&quot;iso&quot;:&quot;0&quot;,&quot;shutter_speed&quot;:&quot;0&quot;,&quot;title&quot;:&quot;&quot;,&quot;orientation&quot;:&quot;1&quot;}\" data-image-title=\"6\" data-image-description=\"\" data-image-caption=\"\" data-medium-file=\"https:\/\/muzeusm.ro\/wp-content\/uploads\/2024\/08\/6-298x300.jpg\" data-large-file=\"https:\/\/muzeusm.ro\/wp-content\/uploads\/2024\/08\/6-1018x1024.jpg\" data-id=\"15037\" src=\"https:\/\/muzeusm.ro\/wp-content\/uploads\/2024\/08\/6-1018x1024.jpg\" alt=\"\" class=\"wp-image-15037\" srcset=\"https:\/\/muzeusm.ro\/wp-content\/uploads\/2024\/08\/6-1018x1024.jpg 1018w, https:\/\/muzeusm.ro\/wp-content\/uploads\/2024\/08\/6-298x300.jpg 298w, https:\/\/muzeusm.ro\/wp-content\/uploads\/2024\/08\/6-150x150.jpg 150w, https:\/\/muzeusm.ro\/wp-content\/uploads\/2024\/08\/6-768x773.jpg 768w, https:\/\/muzeusm.ro\/wp-content\/uploads\/2024\/08\/6-1527x1536.jpg 1527w, https:\/\/muzeusm.ro\/wp-content\/uploads\/2024\/08\/6-1568x1578.jpg 1568w, https:\/\/muzeusm.ro\/wp-content\/uploads\/2024\/08\/6.jpg 1789w\" sizes=\"auto, (max-width: 1018px) 100vw, 1018px\" \/><\/figure>\n\n\n\n<figure class=\"wp-block-image size-large\"><img loading=\"lazy\" decoding=\"async\" width=\"1024\" height=\"1001\" data-attachment-id=\"15038\" data-permalink=\"https:\/\/muzeusm.ro\/en\/23-august-1944-80-de-ani\/5-7\/\" data-orig-file=\"https:\/\/muzeusm.ro\/wp-content\/uploads\/2024\/08\/5.jpg\" data-orig-size=\"1618,1582\" data-comments-opened=\"1\" data-image-meta=\"{&quot;aperture&quot;:&quot;0&quot;,&quot;credit&quot;:&quot;&quot;,&quot;camera&quot;:&quot;&quot;,&quot;caption&quot;:&quot;&quot;,&quot;created_timestamp&quot;:&quot;0&quot;,&quot;copyright&quot;:&quot;&quot;,&quot;focal_length&quot;:&quot;0&quot;,&quot;iso&quot;:&quot;0&quot;,&quot;shutter_speed&quot;:&quot;0&quot;,&quot;title&quot;:&quot;&quot;,&quot;orientation&quot;:&quot;1&quot;}\" data-image-title=\"5\" data-image-description=\"\" data-image-caption=\"\" data-medium-file=\"https:\/\/muzeusm.ro\/wp-content\/uploads\/2024\/08\/5-300x293.jpg\" data-large-file=\"https:\/\/muzeusm.ro\/wp-content\/uploads\/2024\/08\/5-1024x1001.jpg\" data-id=\"15038\" src=\"https:\/\/muzeusm.ro\/wp-content\/uploads\/2024\/08\/5-1024x1001.jpg\" alt=\"\" class=\"wp-image-15038\" srcset=\"https:\/\/muzeusm.ro\/wp-content\/uploads\/2024\/08\/5-1024x1001.jpg 1024w, https:\/\/muzeusm.ro\/wp-content\/uploads\/2024\/08\/5-300x293.jpg 300w, https:\/\/muzeusm.ro\/wp-content\/uploads\/2024\/08\/5-768x751.jpg 768w, https:\/\/muzeusm.ro\/wp-content\/uploads\/2024\/08\/5-1536x1502.jpg 1536w, https:\/\/muzeusm.ro\/wp-content\/uploads\/2024\/08\/5-1568x1533.jpg 1568w, https:\/\/muzeusm.ro\/wp-content\/uploads\/2024\/08\/5.jpg 1618w\" sizes=\"auto, (max-width: 1024px) 100vw, 1024px\" \/><\/figure>\n\n\n\n<figure class=\"wp-block-image size-large\"><img loading=\"lazy\" decoding=\"async\" width=\"1024\" height=\"793\" data-attachment-id=\"15039\" data-permalink=\"https:\/\/muzeusm.ro\/en\/23-august-1944-80-de-ani\/1-8\/\" data-orig-file=\"https:\/\/muzeusm.ro\/wp-content\/uploads\/2024\/08\/1.jpg\" data-orig-size=\"1800,1394\" data-comments-opened=\"1\" data-image-meta=\"{&quot;aperture&quot;:&quot;0&quot;,&quot;credit&quot;:&quot;&quot;,&quot;camera&quot;:&quot;&quot;,&quot;caption&quot;:&quot;&quot;,&quot;created_timestamp&quot;:&quot;0&quot;,&quot;copyright&quot;:&quot;&quot;,&quot;focal_length&quot;:&quot;0&quot;,&quot;iso&quot;:&quot;0&quot;,&quot;shutter_speed&quot;:&quot;0&quot;,&quot;title&quot;:&quot;&quot;,&quot;orientation&quot;:&quot;1&quot;}\" data-image-title=\"1\" data-image-description=\"\" data-image-caption=\"\" data-medium-file=\"https:\/\/muzeusm.ro\/wp-content\/uploads\/2024\/08\/1-300x232.jpg\" data-large-file=\"https:\/\/muzeusm.ro\/wp-content\/uploads\/2024\/08\/1-1024x793.jpg\" data-id=\"15039\" src=\"https:\/\/muzeusm.ro\/wp-content\/uploads\/2024\/08\/1-1024x793.jpg\" alt=\"\" class=\"wp-image-15039\" srcset=\"https:\/\/muzeusm.ro\/wp-content\/uploads\/2024\/08\/1-1024x793.jpg 1024w, https:\/\/muzeusm.ro\/wp-content\/uploads\/2024\/08\/1-300x232.jpg 300w, https:\/\/muzeusm.ro\/wp-content\/uploads\/2024\/08\/1-768x595.jpg 768w, https:\/\/muzeusm.ro\/wp-content\/uploads\/2024\/08\/1-1536x1190.jpg 1536w, https:\/\/muzeusm.ro\/wp-content\/uploads\/2024\/08\/1-1568x1214.jpg 1568w, https:\/\/muzeusm.ro\/wp-content\/uploads\/2024\/08\/1.jpg 1800w\" sizes=\"auto, (max-width: 1024px) 100vw, 1024px\" \/><\/figure>\n\n\n\n<figure class=\"wp-block-image size-large\"><img loading=\"lazy\" decoding=\"async\" width=\"1024\" height=\"673\" data-attachment-id=\"15040\" data-permalink=\"https:\/\/muzeusm.ro\/en\/23-august-1944-80-de-ani\/17-2\/\" data-orig-file=\"https:\/\/muzeusm.ro\/wp-content\/uploads\/2024\/08\/17.jpg\" data-orig-size=\"1825,1200\" data-comments-opened=\"1\" data-image-meta=\"{&quot;aperture&quot;:&quot;0&quot;,&quot;credit&quot;:&quot;&quot;,&quot;camera&quot;:&quot;&quot;,&quot;caption&quot;:&quot;&quot;,&quot;created_timestamp&quot;:&quot;0&quot;,&quot;copyright&quot;:&quot;&quot;,&quot;focal_length&quot;:&quot;0&quot;,&quot;iso&quot;:&quot;0&quot;,&quot;shutter_speed&quot;:&quot;0&quot;,&quot;title&quot;:&quot;&quot;,&quot;orientation&quot;:&quot;1&quot;}\" data-image-title=\"17\" data-image-description=\"\" data-image-caption=\"\" data-medium-file=\"https:\/\/muzeusm.ro\/wp-content\/uploads\/2024\/08\/17-300x197.jpg\" data-large-file=\"https:\/\/muzeusm.ro\/wp-content\/uploads\/2024\/08\/17-1024x673.jpg\" data-id=\"15040\" src=\"https:\/\/muzeusm.ro\/wp-content\/uploads\/2024\/08\/17-1024x673.jpg\" alt=\"\" class=\"wp-image-15040\" srcset=\"https:\/\/muzeusm.ro\/wp-content\/uploads\/2024\/08\/17-1024x673.jpg 1024w, https:\/\/muzeusm.ro\/wp-content\/uploads\/2024\/08\/17-300x197.jpg 300w, https:\/\/muzeusm.ro\/wp-content\/uploads\/2024\/08\/17-768x505.jpg 768w, https:\/\/muzeusm.ro\/wp-content\/uploads\/2024\/08\/17-1536x1010.jpg 1536w, https:\/\/muzeusm.ro\/wp-content\/uploads\/2024\/08\/17-1568x1031.jpg 1568w, https:\/\/muzeusm.ro\/wp-content\/uploads\/2024\/08\/17.jpg 1825w\" sizes=\"auto, (max-width: 1024px) 100vw, 1024px\" \/><\/figure>\n\n\n\n<figure class=\"wp-block-image size-large\"><img loading=\"lazy\" decoding=\"async\" width=\"1024\" height=\"527\" data-attachment-id=\"15041\" data-permalink=\"https:\/\/muzeusm.ro\/en\/23-august-1944-80-de-ani\/9-4\/\" data-orig-file=\"https:\/\/muzeusm.ro\/wp-content\/uploads\/2024\/08\/9.jpg\" data-orig-size=\"1724,888\" data-comments-opened=\"1\" data-image-meta=\"{&quot;aperture&quot;:&quot;0&quot;,&quot;credit&quot;:&quot;&quot;,&quot;camera&quot;:&quot;&quot;,&quot;caption&quot;:&quot;&quot;,&quot;created_timestamp&quot;:&quot;0&quot;,&quot;copyright&quot;:&quot;&quot;,&quot;focal_length&quot;:&quot;0&quot;,&quot;iso&quot;:&quot;0&quot;,&quot;shutter_speed&quot;:&quot;0&quot;,&quot;title&quot;:&quot;&quot;,&quot;orientation&quot;:&quot;1&quot;}\" data-image-title=\"9\" data-image-description=\"\" data-image-caption=\"\" data-medium-file=\"https:\/\/muzeusm.ro\/wp-content\/uploads\/2024\/08\/9-300x155.jpg\" data-large-file=\"https:\/\/muzeusm.ro\/wp-content\/uploads\/2024\/08\/9-1024x527.jpg\" data-id=\"15041\" src=\"https:\/\/muzeusm.ro\/wp-content\/uploads\/2024\/08\/9-1024x527.jpg\" alt=\"\" class=\"wp-image-15041\" srcset=\"https:\/\/muzeusm.ro\/wp-content\/uploads\/2024\/08\/9-1024x527.jpg 1024w, https:\/\/muzeusm.ro\/wp-content\/uploads\/2024\/08\/9-300x155.jpg 300w, https:\/\/muzeusm.ro\/wp-content\/uploads\/2024\/08\/9-768x396.jpg 768w, https:\/\/muzeusm.ro\/wp-content\/uploads\/2024\/08\/9-1536x791.jpg 1536w, https:\/\/muzeusm.ro\/wp-content\/uploads\/2024\/08\/9-1568x808.jpg 1568w, https:\/\/muzeusm.ro\/wp-content\/uploads\/2024\/08\/9.jpg 1724w\" sizes=\"auto, (max-width: 1024px) 100vw, 1024px\" \/><\/figure>\n\n\n\n<figure class=\"wp-block-image size-large\"><img loading=\"lazy\" decoding=\"async\" width=\"1024\" height=\"631\" data-attachment-id=\"15042\" data-permalink=\"https:\/\/muzeusm.ro\/en\/23-august-1944-80-de-ani\/attachment\/13\/\" data-orig-file=\"https:\/\/muzeusm.ro\/wp-content\/uploads\/2024\/08\/13.jpg\" data-orig-size=\"1784,1099\" data-comments-opened=\"1\" data-image-meta=\"{&quot;aperture&quot;:&quot;0&quot;,&quot;credit&quot;:&quot;&quot;,&quot;camera&quot;:&quot;&quot;,&quot;caption&quot;:&quot;&quot;,&quot;created_timestamp&quot;:&quot;0&quot;,&quot;copyright&quot;:&quot;&quot;,&quot;focal_length&quot;:&quot;0&quot;,&quot;iso&quot;:&quot;0&quot;,&quot;shutter_speed&quot;:&quot;0&quot;,&quot;title&quot;:&quot;&quot;,&quot;orientation&quot;:&quot;1&quot;}\" data-image-title=\"13\" data-image-description=\"\" data-image-caption=\"\" data-medium-file=\"https:\/\/muzeusm.ro\/wp-content\/uploads\/2024\/08\/13-300x185.jpg\" data-large-file=\"https:\/\/muzeusm.ro\/wp-content\/uploads\/2024\/08\/13-1024x631.jpg\" data-id=\"15042\" src=\"https:\/\/muzeusm.ro\/wp-content\/uploads\/2024\/08\/13-1024x631.jpg\" alt=\"\" class=\"wp-image-15042\" srcset=\"https:\/\/muzeusm.ro\/wp-content\/uploads\/2024\/08\/13-1024x631.jpg 1024w, https:\/\/muzeusm.ro\/wp-content\/uploads\/2024\/08\/13-300x185.jpg 300w, https:\/\/muzeusm.ro\/wp-content\/uploads\/2024\/08\/13-768x473.jpg 768w, https:\/\/muzeusm.ro\/wp-content\/uploads\/2024\/08\/13-1536x946.jpg 1536w, https:\/\/muzeusm.ro\/wp-content\/uploads\/2024\/08\/13-1568x966.jpg 1568w, https:\/\/muzeusm.ro\/wp-content\/uploads\/2024\/08\/13.jpg 1784w\" sizes=\"auto, (max-width: 1024px) 100vw, 1024px\" \/><\/figure>\n\n\n\n<figure class=\"wp-block-image size-large\"><img loading=\"lazy\" decoding=\"async\" width=\"1024\" height=\"646\" data-attachment-id=\"15043\" data-permalink=\"https:\/\/muzeusm.ro\/en\/23-august-1944-80-de-ani\/attachment\/27\/\" data-orig-file=\"https:\/\/muzeusm.ro\/wp-content\/uploads\/2024\/08\/27.jpg\" data-orig-size=\"1668,1053\" data-comments-opened=\"1\" data-image-meta=\"{&quot;aperture&quot;:&quot;0&quot;,&quot;credit&quot;:&quot;&quot;,&quot;camera&quot;:&quot;&quot;,&quot;caption&quot;:&quot;&quot;,&quot;created_timestamp&quot;:&quot;0&quot;,&quot;copyright&quot;:&quot;&quot;,&quot;focal_length&quot;:&quot;0&quot;,&quot;iso&quot;:&quot;0&quot;,&quot;shutter_speed&quot;:&quot;0&quot;,&quot;title&quot;:&quot;&quot;,&quot;orientation&quot;:&quot;1&quot;}\" data-image-title=\"27\" data-image-description=\"\" data-image-caption=\"\" data-medium-file=\"https:\/\/muzeusm.ro\/wp-content\/uploads\/2024\/08\/27-300x189.jpg\" data-large-file=\"https:\/\/muzeusm.ro\/wp-content\/uploads\/2024\/08\/27-1024x646.jpg\" data-id=\"15043\" src=\"https:\/\/muzeusm.ro\/wp-content\/uploads\/2024\/08\/27-1024x646.jpg\" alt=\"\" class=\"wp-image-15043\" srcset=\"https:\/\/muzeusm.ro\/wp-content\/uploads\/2024\/08\/27-1024x646.jpg 1024w, https:\/\/muzeusm.ro\/wp-content\/uploads\/2024\/08\/27-300x189.jpg 300w, https:\/\/muzeusm.ro\/wp-content\/uploads\/2024\/08\/27-768x485.jpg 768w, https:\/\/muzeusm.ro\/wp-content\/uploads\/2024\/08\/27-1536x970.jpg 1536w, https:\/\/muzeusm.ro\/wp-content\/uploads\/2024\/08\/27-1568x990.jpg 1568w, https:\/\/muzeusm.ro\/wp-content\/uploads\/2024\/08\/27.jpg 1668w\" sizes=\"auto, (max-width: 1024px) 100vw, 1024px\" \/><\/figure>\n\n\n\n<figure class=\"wp-block-image size-large\"><img loading=\"lazy\" decoding=\"async\" width=\"1024\" height=\"758\" data-attachment-id=\"15044\" data-permalink=\"https:\/\/muzeusm.ro\/en\/23-august-1944-80-de-ani\/attachment\/41\/\" data-orig-file=\"https:\/\/muzeusm.ro\/wp-content\/uploads\/2024\/08\/41.jpg\" data-orig-size=\"1751,1296\" data-comments-opened=\"1\" data-image-meta=\"{&quot;aperture&quot;:&quot;0&quot;,&quot;credit&quot;:&quot;&quot;,&quot;camera&quot;:&quot;&quot;,&quot;caption&quot;:&quot;&quot;,&quot;created_timestamp&quot;:&quot;0&quot;,&quot;copyright&quot;:&quot;&quot;,&quot;focal_length&quot;:&quot;0&quot;,&quot;iso&quot;:&quot;0&quot;,&quot;shutter_speed&quot;:&quot;0&quot;,&quot;title&quot;:&quot;&quot;,&quot;orientation&quot;:&quot;1&quot;}\" data-image-title=\"41\" data-image-description=\"\" data-image-caption=\"\" data-medium-file=\"https:\/\/muzeusm.ro\/wp-content\/uploads\/2024\/08\/41-300x222.jpg\" data-large-file=\"https:\/\/muzeusm.ro\/wp-content\/uploads\/2024\/08\/41-1024x758.jpg\" data-id=\"15044\" src=\"https:\/\/muzeusm.ro\/wp-content\/uploads\/2024\/08\/41-1024x758.jpg\" alt=\"\" class=\"wp-image-15044\" srcset=\"https:\/\/muzeusm.ro\/wp-content\/uploads\/2024\/08\/41-1024x758.jpg 1024w, https:\/\/muzeusm.ro\/wp-content\/uploads\/2024\/08\/41-300x222.jpg 300w, https:\/\/muzeusm.ro\/wp-content\/uploads\/2024\/08\/41-768x568.jpg 768w, https:\/\/muzeusm.ro\/wp-content\/uploads\/2024\/08\/41-1536x1137.jpg 1536w, https:\/\/muzeusm.ro\/wp-content\/uploads\/2024\/08\/41-1568x1161.jpg 1568w, https:\/\/muzeusm.ro\/wp-content\/uploads\/2024\/08\/41.jpg 1751w\" sizes=\"auto, (max-width: 1024px) 100vw, 1024px\" \/><\/figure>\n\n\n\n<figure class=\"wp-block-image size-large\"><img loading=\"lazy\" decoding=\"async\" width=\"1024\" height=\"705\" data-attachment-id=\"15045\" data-permalink=\"https:\/\/muzeusm.ro\/en\/23-august-1944-80-de-ani\/2-11\/\" data-orig-file=\"https:\/\/muzeusm.ro\/wp-content\/uploads\/2024\/08\/2.jpg\" data-orig-size=\"1800,1239\" data-comments-opened=\"1\" data-image-meta=\"{&quot;aperture&quot;:&quot;0&quot;,&quot;credit&quot;:&quot;&quot;,&quot;camera&quot;:&quot;&quot;,&quot;caption&quot;:&quot;&quot;,&quot;created_timestamp&quot;:&quot;0&quot;,&quot;copyright&quot;:&quot;&quot;,&quot;focal_length&quot;:&quot;0&quot;,&quot;iso&quot;:&quot;0&quot;,&quot;shutter_speed&quot;:&quot;0&quot;,&quot;title&quot;:&quot;&quot;,&quot;orientation&quot;:&quot;1&quot;}\" data-image-title=\"2\" data-image-description=\"\" data-image-caption=\"\" data-medium-file=\"https:\/\/muzeusm.ro\/wp-content\/uploads\/2024\/08\/2-300x207.jpg\" data-large-file=\"https:\/\/muzeusm.ro\/wp-content\/uploads\/2024\/08\/2-1024x705.jpg\" data-id=\"15045\" src=\"https:\/\/muzeusm.ro\/wp-content\/uploads\/2024\/08\/2-1024x705.jpg\" alt=\"\" class=\"wp-image-15045\" srcset=\"https:\/\/muzeusm.ro\/wp-content\/uploads\/2024\/08\/2-1024x705.jpg 1024w, https:\/\/muzeusm.ro\/wp-content\/uploads\/2024\/08\/2-300x207.jpg 300w, https:\/\/muzeusm.ro\/wp-content\/uploads\/2024\/08\/2-768x529.jpg 768w, https:\/\/muzeusm.ro\/wp-content\/uploads\/2024\/08\/2-1536x1057.jpg 1536w, https:\/\/muzeusm.ro\/wp-content\/uploads\/2024\/08\/2-1568x1079.jpg 1568w, https:\/\/muzeusm.ro\/wp-content\/uploads\/2024\/08\/2.jpg 1800w\" sizes=\"auto, (max-width: 1024px) 100vw, 1024px\" \/><\/figure>\n\n\n\n<figure class=\"wp-block-image size-large\"><img loading=\"lazy\" decoding=\"async\" width=\"1024\" height=\"681\" data-attachment-id=\"15046\" data-permalink=\"https:\/\/muzeusm.ro\/en\/23-august-1944-80-de-ani\/attachment\/15\/\" data-orig-file=\"https:\/\/muzeusm.ro\/wp-content\/uploads\/2024\/08\/15.jpg\" data-orig-size=\"1757,1168\" data-comments-opened=\"1\" data-image-meta=\"{&quot;aperture&quot;:&quot;0&quot;,&quot;credit&quot;:&quot;&quot;,&quot;camera&quot;:&quot;&quot;,&quot;caption&quot;:&quot;&quot;,&quot;created_timestamp&quot;:&quot;0&quot;,&quot;copyright&quot;:&quot;&quot;,&quot;focal_length&quot;:&quot;0&quot;,&quot;iso&quot;:&quot;0&quot;,&quot;shutter_speed&quot;:&quot;0&quot;,&quot;title&quot;:&quot;&quot;,&quot;orientation&quot;:&quot;1&quot;}\" data-image-title=\"15\" data-image-description=\"\" data-image-caption=\"\" data-medium-file=\"https:\/\/muzeusm.ro\/wp-content\/uploads\/2024\/08\/15-300x199.jpg\" data-large-file=\"https:\/\/muzeusm.ro\/wp-content\/uploads\/2024\/08\/15-1024x681.jpg\" data-id=\"15046\" src=\"https:\/\/muzeusm.ro\/wp-content\/uploads\/2024\/08\/15-1024x681.jpg\" alt=\"\" class=\"wp-image-15046\" srcset=\"https:\/\/muzeusm.ro\/wp-content\/uploads\/2024\/08\/15-1024x681.jpg 1024w, https:\/\/muzeusm.ro\/wp-content\/uploads\/2024\/08\/15-300x199.jpg 300w, https:\/\/muzeusm.ro\/wp-content\/uploads\/2024\/08\/15-768x511.jpg 768w, https:\/\/muzeusm.ro\/wp-content\/uploads\/2024\/08\/15-1536x1021.jpg 1536w, https:\/\/muzeusm.ro\/wp-content\/uploads\/2024\/08\/15-1568x1042.jpg 1568w, https:\/\/muzeusm.ro\/wp-content\/uploads\/2024\/08\/15.jpg 1757w\" sizes=\"auto, (max-width: 1024px) 100vw, 1024px\" \/><\/figure>\n\n\n\n<figure class=\"wp-block-image size-large\"><img loading=\"lazy\" decoding=\"async\" width=\"1024\" height=\"631\" data-attachment-id=\"15047\" data-permalink=\"https:\/\/muzeusm.ro\/en\/23-august-1944-80-de-ani\/attachment\/28\/\" data-orig-file=\"https:\/\/muzeusm.ro\/wp-content\/uploads\/2024\/08\/28.jpg\" data-orig-size=\"1617,997\" data-comments-opened=\"1\" data-image-meta=\"{&quot;aperture&quot;:&quot;0&quot;,&quot;credit&quot;:&quot;&quot;,&quot;camera&quot;:&quot;&quot;,&quot;caption&quot;:&quot;&quot;,&quot;created_timestamp&quot;:&quot;0&quot;,&quot;copyright&quot;:&quot;&quot;,&quot;focal_length&quot;:&quot;0&quot;,&quot;iso&quot;:&quot;0&quot;,&quot;shutter_speed&quot;:&quot;0&quot;,&quot;title&quot;:&quot;&quot;,&quot;orientation&quot;:&quot;1&quot;}\" data-image-title=\"28\" data-image-description=\"\" data-image-caption=\"\" data-medium-file=\"https:\/\/muzeusm.ro\/wp-content\/uploads\/2024\/08\/28-300x185.jpg\" data-large-file=\"https:\/\/muzeusm.ro\/wp-content\/uploads\/2024\/08\/28-1024x631.jpg\" data-id=\"15047\" src=\"https:\/\/muzeusm.ro\/wp-content\/uploads\/2024\/08\/28-1024x631.jpg\" alt=\"\" class=\"wp-image-15047\" srcset=\"https:\/\/muzeusm.ro\/wp-content\/uploads\/2024\/08\/28-1024x631.jpg 1024w, https:\/\/muzeusm.ro\/wp-content\/uploads\/2024\/08\/28-300x185.jpg 300w, https:\/\/muzeusm.ro\/wp-content\/uploads\/2024\/08\/28-768x474.jpg 768w, https:\/\/muzeusm.ro\/wp-content\/uploads\/2024\/08\/28-1536x947.jpg 1536w, https:\/\/muzeusm.ro\/wp-content\/uploads\/2024\/08\/28-1568x967.jpg 1568w, https:\/\/muzeusm.ro\/wp-content\/uploads\/2024\/08\/28.jpg 1617w\" sizes=\"auto, (max-width: 1024px) 100vw, 1024px\" \/><\/figure>\n\n\n\n<figure class=\"wp-block-image size-large\"><img loading=\"lazy\" decoding=\"async\" width=\"1024\" height=\"686\" data-attachment-id=\"15048\" data-permalink=\"https:\/\/muzeusm.ro\/en\/23-august-1944-80-de-ani\/attachment\/22\/\" data-orig-file=\"https:\/\/muzeusm.ro\/wp-content\/uploads\/2024\/08\/22.jpg\" data-orig-size=\"1800,1205\" data-comments-opened=\"1\" data-image-meta=\"{&quot;aperture&quot;:&quot;0&quot;,&quot;credit&quot;:&quot;&quot;,&quot;camera&quot;:&quot;&quot;,&quot;caption&quot;:&quot;&quot;,&quot;created_timestamp&quot;:&quot;0&quot;,&quot;copyright&quot;:&quot;&quot;,&quot;focal_length&quot;:&quot;0&quot;,&quot;iso&quot;:&quot;0&quot;,&quot;shutter_speed&quot;:&quot;0&quot;,&quot;title&quot;:&quot;&quot;,&quot;orientation&quot;:&quot;1&quot;}\" data-image-title=\"22\" data-image-description=\"\" data-image-caption=\"\" data-medium-file=\"https:\/\/muzeusm.ro\/wp-content\/uploads\/2024\/08\/22-300x201.jpg\" data-large-file=\"https:\/\/muzeusm.ro\/wp-content\/uploads\/2024\/08\/22-1024x686.jpg\" data-id=\"15048\" src=\"https:\/\/muzeusm.ro\/wp-content\/uploads\/2024\/08\/22-1024x686.jpg\" alt=\"\" class=\"wp-image-15048\" srcset=\"https:\/\/muzeusm.ro\/wp-content\/uploads\/2024\/08\/22-1024x686.jpg 1024w, https:\/\/muzeusm.ro\/wp-content\/uploads\/2024\/08\/22-300x201.jpg 300w, https:\/\/muzeusm.ro\/wp-content\/uploads\/2024\/08\/22-768x514.jpg 768w, https:\/\/muzeusm.ro\/wp-content\/uploads\/2024\/08\/22-1536x1028.jpg 1536w, https:\/\/muzeusm.ro\/wp-content\/uploads\/2024\/08\/22-1568x1050.jpg 1568w, https:\/\/muzeusm.ro\/wp-content\/uploads\/2024\/08\/22.jpg 1800w\" sizes=\"auto, (max-width: 1024px) 100vw, 1024px\" \/><\/figure>\n\n\n\n<figure class=\"wp-block-image size-large\"><img loading=\"lazy\" decoding=\"async\" width=\"1024\" height=\"673\" data-attachment-id=\"15049\" data-permalink=\"https:\/\/muzeusm.ro\/en\/23-august-1944-80-de-ani\/attachment\/11\/\" data-orig-file=\"https:\/\/muzeusm.ro\/wp-content\/uploads\/2024\/08\/11.jpg\" data-orig-size=\"1825,1200\" data-comments-opened=\"1\" data-image-meta=\"{&quot;aperture&quot;:&quot;0&quot;,&quot;credit&quot;:&quot;&quot;,&quot;camera&quot;:&quot;&quot;,&quot;caption&quot;:&quot;&quot;,&quot;created_timestamp&quot;:&quot;0&quot;,&quot;copyright&quot;:&quot;&quot;,&quot;focal_length&quot;:&quot;0&quot;,&quot;iso&quot;:&quot;0&quot;,&quot;shutter_speed&quot;:&quot;0&quot;,&quot;title&quot;:&quot;&quot;,&quot;orientation&quot;:&quot;1&quot;}\" data-image-title=\"11\" data-image-description=\"\" data-image-caption=\"\" data-medium-file=\"https:\/\/muzeusm.ro\/wp-content\/uploads\/2024\/08\/11-300x197.jpg\" data-large-file=\"https:\/\/muzeusm.ro\/wp-content\/uploads\/2024\/08\/11-1024x673.jpg\" data-id=\"15049\" src=\"https:\/\/muzeusm.ro\/wp-content\/uploads\/2024\/08\/11-1024x673.jpg\" alt=\"\" class=\"wp-image-15049\" srcset=\"https:\/\/muzeusm.ro\/wp-content\/uploads\/2024\/08\/11-1024x673.jpg 1024w, https:\/\/muzeusm.ro\/wp-content\/uploads\/2024\/08\/11-300x197.jpg 300w, https:\/\/muzeusm.ro\/wp-content\/uploads\/2024\/08\/11-768x505.jpg 768w, https:\/\/muzeusm.ro\/wp-content\/uploads\/2024\/08\/11-1536x1010.jpg 1536w, https:\/\/muzeusm.ro\/wp-content\/uploads\/2024\/08\/11-1568x1031.jpg 1568w, https:\/\/muzeusm.ro\/wp-content\/uploads\/2024\/08\/11.jpg 1825w\" sizes=\"auto, (max-width: 1024px) 100vw, 1024px\" \/><\/figure>\n\n\n\n<figure class=\"wp-block-image size-large\"><img loading=\"lazy\" decoding=\"async\" width=\"1024\" height=\"737\" data-attachment-id=\"15050\" data-permalink=\"https:\/\/muzeusm.ro\/en\/23-august-1944-80-de-ani\/3-9\/\" data-orig-file=\"https:\/\/muzeusm.ro\/wp-content\/uploads\/2024\/08\/3.jpg\" data-orig-size=\"1800,1296\" data-comments-opened=\"1\" data-image-meta=\"{&quot;aperture&quot;:&quot;0&quot;,&quot;credit&quot;:&quot;&quot;,&quot;camera&quot;:&quot;&quot;,&quot;caption&quot;:&quot;&quot;,&quot;created_timestamp&quot;:&quot;0&quot;,&quot;copyright&quot;:&quot;&quot;,&quot;focal_length&quot;:&quot;0&quot;,&quot;iso&quot;:&quot;0&quot;,&quot;shutter_speed&quot;:&quot;0&quot;,&quot;title&quot;:&quot;&quot;,&quot;orientation&quot;:&quot;1&quot;}\" data-image-title=\"3\" data-image-description=\"\" data-image-caption=\"\" data-medium-file=\"https:\/\/muzeusm.ro\/wp-content\/uploads\/2024\/08\/3-300x216.jpg\" data-large-file=\"https:\/\/muzeusm.ro\/wp-content\/uploads\/2024\/08\/3-1024x737.jpg\" data-id=\"15050\" src=\"https:\/\/muzeusm.ro\/wp-content\/uploads\/2024\/08\/3-1024x737.jpg\" alt=\"\" class=\"wp-image-15050\" srcset=\"https:\/\/muzeusm.ro\/wp-content\/uploads\/2024\/08\/3-1024x737.jpg 1024w, https:\/\/muzeusm.ro\/wp-content\/uploads\/2024\/08\/3-300x216.jpg 300w, https:\/\/muzeusm.ro\/wp-content\/uploads\/2024\/08\/3-768x553.jpg 768w, https:\/\/muzeusm.ro\/wp-content\/uploads\/2024\/08\/3-1536x1106.jpg 1536w, https:\/\/muzeusm.ro\/wp-content\/uploads\/2024\/08\/3-1568x1129.jpg 1568w, https:\/\/muzeusm.ro\/wp-content\/uploads\/2024\/08\/3.jpg 1800w\" sizes=\"auto, (max-width: 1024px) 100vw, 1024px\" \/><\/figure>\n\n\n\n<figure class=\"wp-block-image size-large\"><img loading=\"lazy\" decoding=\"async\" width=\"1024\" height=\"630\" data-attachment-id=\"15051\" data-permalink=\"https:\/\/muzeusm.ro\/en\/23-august-1944-80-de-ani\/attachment\/31\/\" data-orig-file=\"https:\/\/muzeusm.ro\/wp-content\/uploads\/2024\/08\/31.jpg\" data-orig-size=\"1779,1094\" data-comments-opened=\"1\" data-image-meta=\"{&quot;aperture&quot;:&quot;0&quot;,&quot;credit&quot;:&quot;&quot;,&quot;camera&quot;:&quot;&quot;,&quot;caption&quot;:&quot;&quot;,&quot;created_timestamp&quot;:&quot;0&quot;,&quot;copyright&quot;:&quot;&quot;,&quot;focal_length&quot;:&quot;0&quot;,&quot;iso&quot;:&quot;0&quot;,&quot;shutter_speed&quot;:&quot;0&quot;,&quot;title&quot;:&quot;&quot;,&quot;orientation&quot;:&quot;1&quot;}\" data-image-title=\"31\" data-image-description=\"\" data-image-caption=\"\" data-medium-file=\"https:\/\/muzeusm.ro\/wp-content\/uploads\/2024\/08\/31-300x184.jpg\" data-large-file=\"https:\/\/muzeusm.ro\/wp-content\/uploads\/2024\/08\/31-1024x630.jpg\" data-id=\"15051\" src=\"https:\/\/muzeusm.ro\/wp-content\/uploads\/2024\/08\/31-1024x630.jpg\" alt=\"\" class=\"wp-image-15051\" srcset=\"https:\/\/muzeusm.ro\/wp-content\/uploads\/2024\/08\/31-1024x630.jpg 1024w, https:\/\/muzeusm.ro\/wp-content\/uploads\/2024\/08\/31-300x184.jpg 300w, https:\/\/muzeusm.ro\/wp-content\/uploads\/2024\/08\/31-768x472.jpg 768w, https:\/\/muzeusm.ro\/wp-content\/uploads\/2024\/08\/31-1536x945.jpg 1536w, https:\/\/muzeusm.ro\/wp-content\/uploads\/2024\/08\/31-1568x964.jpg 1568w, https:\/\/muzeusm.ro\/wp-content\/uploads\/2024\/08\/31.jpg 1779w\" sizes=\"auto, (max-width: 1024px) 100vw, 1024px\" \/><\/figure>\n\n\n\n<figure class=\"wp-block-image size-large\"><img loading=\"lazy\" decoding=\"async\" width=\"1024\" height=\"798\" data-attachment-id=\"15052\" data-permalink=\"https:\/\/muzeusm.ro\/en\/23-august-1944-80-de-ani\/10-2\/\" data-orig-file=\"https:\/\/muzeusm.ro\/wp-content\/uploads\/2024\/08\/10.jpg\" data-orig-size=\"1800,1402\" data-comments-opened=\"1\" data-image-meta=\"{&quot;aperture&quot;:&quot;0&quot;,&quot;credit&quot;:&quot;&quot;,&quot;camera&quot;:&quot;&quot;,&quot;caption&quot;:&quot;&quot;,&quot;created_timestamp&quot;:&quot;0&quot;,&quot;copyright&quot;:&quot;&quot;,&quot;focal_length&quot;:&quot;0&quot;,&quot;iso&quot;:&quot;0&quot;,&quot;shutter_speed&quot;:&quot;0&quot;,&quot;title&quot;:&quot;&quot;,&quot;orientation&quot;:&quot;1&quot;}\" data-image-title=\"10\" data-image-description=\"\" data-image-caption=\"\" data-medium-file=\"https:\/\/muzeusm.ro\/wp-content\/uploads\/2024\/08\/10-300x234.jpg\" data-large-file=\"https:\/\/muzeusm.ro\/wp-content\/uploads\/2024\/08\/10-1024x798.jpg\" data-id=\"15052\" src=\"https:\/\/muzeusm.ro\/wp-content\/uploads\/2024\/08\/10-1024x798.jpg\" alt=\"\" class=\"wp-image-15052\" srcset=\"https:\/\/muzeusm.ro\/wp-content\/uploads\/2024\/08\/10-1024x798.jpg 1024w, https:\/\/muzeusm.ro\/wp-content\/uploads\/2024\/08\/10-300x234.jpg 300w, https:\/\/muzeusm.ro\/wp-content\/uploads\/2024\/08\/10-768x598.jpg 768w, https:\/\/muzeusm.ro\/wp-content\/uploads\/2024\/08\/10-1536x1196.jpg 1536w, https:\/\/muzeusm.ro\/wp-content\/uploads\/2024\/08\/10-1568x1221.jpg 1568w, https:\/\/muzeusm.ro\/wp-content\/uploads\/2024\/08\/10.jpg 1800w\" sizes=\"auto, (max-width: 1024px) 100vw, 1024px\" \/><\/figure>\n\n\n\n<figure class=\"wp-block-image size-large\"><img loading=\"lazy\" decoding=\"async\" width=\"1024\" height=\"845\" data-attachment-id=\"15053\" data-permalink=\"https:\/\/muzeusm.ro\/en\/23-august-1944-80-de-ani\/12-2\/\" data-orig-file=\"https:\/\/muzeusm.ro\/wp-content\/uploads\/2024\/08\/12.jpg\" data-orig-size=\"1764,1456\" data-comments-opened=\"1\" data-image-meta=\"{&quot;aperture&quot;:&quot;0&quot;,&quot;credit&quot;:&quot;&quot;,&quot;camera&quot;:&quot;&quot;,&quot;caption&quot;:&quot;&quot;,&quot;created_timestamp&quot;:&quot;0&quot;,&quot;copyright&quot;:&quot;&quot;,&quot;focal_length&quot;:&quot;0&quot;,&quot;iso&quot;:&quot;0&quot;,&quot;shutter_speed&quot;:&quot;0&quot;,&quot;title&quot;:&quot;&quot;,&quot;orientation&quot;:&quot;1&quot;}\" data-image-title=\"12\" data-image-description=\"\" data-image-caption=\"\" data-medium-file=\"https:\/\/muzeusm.ro\/wp-content\/uploads\/2024\/08\/12-300x248.jpg\" data-large-file=\"https:\/\/muzeusm.ro\/wp-content\/uploads\/2024\/08\/12-1024x845.jpg\" data-id=\"15053\" src=\"https:\/\/muzeusm.ro\/wp-content\/uploads\/2024\/08\/12-1024x845.jpg\" alt=\"\" class=\"wp-image-15053\" srcset=\"https:\/\/muzeusm.ro\/wp-content\/uploads\/2024\/08\/12-1024x845.jpg 1024w, https:\/\/muzeusm.ro\/wp-content\/uploads\/2024\/08\/12-300x248.jpg 300w, https:\/\/muzeusm.ro\/wp-content\/uploads\/2024\/08\/12-768x634.jpg 768w, https:\/\/muzeusm.ro\/wp-content\/uploads\/2024\/08\/12-1536x1268.jpg 1536w, https:\/\/muzeusm.ro\/wp-content\/uploads\/2024\/08\/12-1568x1294.jpg 1568w, https:\/\/muzeusm.ro\/wp-content\/uploads\/2024\/08\/12.jpg 1764w\" sizes=\"auto, (max-width: 1024px) 100vw, 1024px\" \/><\/figure>\n\n\n\n<figure class=\"wp-block-image size-large\"><img loading=\"lazy\" decoding=\"async\" width=\"1018\" height=\"1024\" data-attachment-id=\"15054\" data-permalink=\"https:\/\/muzeusm.ro\/en\/23-august-1944-80-de-ani\/attachment\/18\/\" data-orig-file=\"https:\/\/muzeusm.ro\/wp-content\/uploads\/2024\/08\/18.jpg\" data-orig-size=\"1789,1800\" data-comments-opened=\"1\" data-image-meta=\"{&quot;aperture&quot;:&quot;0&quot;,&quot;credit&quot;:&quot;&quot;,&quot;camera&quot;:&quot;&quot;,&quot;caption&quot;:&quot;&quot;,&quot;created_timestamp&quot;:&quot;0&quot;,&quot;copyright&quot;:&quot;&quot;,&quot;focal_length&quot;:&quot;0&quot;,&quot;iso&quot;:&quot;0&quot;,&quot;shutter_speed&quot;:&quot;0&quot;,&quot;title&quot;:&quot;&quot;,&quot;orientation&quot;:&quot;1&quot;}\" data-image-title=\"18\" data-image-description=\"\" data-image-caption=\"\" data-medium-file=\"https:\/\/muzeusm.ro\/wp-content\/uploads\/2024\/08\/18-298x300.jpg\" data-large-file=\"https:\/\/muzeusm.ro\/wp-content\/uploads\/2024\/08\/18-1018x1024.jpg\" data-id=\"15054\" src=\"https:\/\/muzeusm.ro\/wp-content\/uploads\/2024\/08\/18-1018x1024.jpg\" alt=\"\" class=\"wp-image-15054\" srcset=\"https:\/\/muzeusm.ro\/wp-content\/uploads\/2024\/08\/18-1018x1024.jpg 1018w, https:\/\/muzeusm.ro\/wp-content\/uploads\/2024\/08\/18-298x300.jpg 298w, https:\/\/muzeusm.ro\/wp-content\/uploads\/2024\/08\/18-150x150.jpg 150w, https:\/\/muzeusm.ro\/wp-content\/uploads\/2024\/08\/18-768x773.jpg 768w, https:\/\/muzeusm.ro\/wp-content\/uploads\/2024\/08\/18-1527x1536.jpg 1527w, https:\/\/muzeusm.ro\/wp-content\/uploads\/2024\/08\/18-1568x1578.jpg 1568w, https:\/\/muzeusm.ro\/wp-content\/uploads\/2024\/08\/18.jpg 1789w\" sizes=\"auto, (max-width: 1018px) 100vw, 1018px\" \/><\/figure>\n\n\n\n<figure class=\"wp-block-image size-large\"><img loading=\"lazy\" decoding=\"async\" width=\"1024\" height=\"934\" data-attachment-id=\"15055\" data-permalink=\"https:\/\/muzeusm.ro\/en\/23-august-1944-80-de-ani\/attachment\/21\/\" data-orig-file=\"https:\/\/muzeusm.ro\/wp-content\/uploads\/2024\/08\/21.jpg\" data-orig-size=\"1800,1641\" data-comments-opened=\"1\" data-image-meta=\"{&quot;aperture&quot;:&quot;0&quot;,&quot;credit&quot;:&quot;&quot;,&quot;camera&quot;:&quot;&quot;,&quot;caption&quot;:&quot;&quot;,&quot;created_timestamp&quot;:&quot;0&quot;,&quot;copyright&quot;:&quot;&quot;,&quot;focal_length&quot;:&quot;0&quot;,&quot;iso&quot;:&quot;0&quot;,&quot;shutter_speed&quot;:&quot;0&quot;,&quot;title&quot;:&quot;&quot;,&quot;orientation&quot;:&quot;1&quot;}\" data-image-title=\"21\" data-image-description=\"\" data-image-caption=\"\" data-medium-file=\"https:\/\/muzeusm.ro\/wp-content\/uploads\/2024\/08\/21-300x274.jpg\" data-large-file=\"https:\/\/muzeusm.ro\/wp-content\/uploads\/2024\/08\/21-1024x934.jpg\" data-id=\"15055\" src=\"https:\/\/muzeusm.ro\/wp-content\/uploads\/2024\/08\/21-1024x934.jpg\" alt=\"\" class=\"wp-image-15055\" srcset=\"https:\/\/muzeusm.ro\/wp-content\/uploads\/2024\/08\/21-1024x934.jpg 1024w, https:\/\/muzeusm.ro\/wp-content\/uploads\/2024\/08\/21-300x274.jpg 300w, https:\/\/muzeusm.ro\/wp-content\/uploads\/2024\/08\/21-768x700.jpg 768w, https:\/\/muzeusm.ro\/wp-content\/uploads\/2024\/08\/21-1536x1400.jpg 1536w, https:\/\/muzeusm.ro\/wp-content\/uploads\/2024\/08\/21.jpg 1800w\" sizes=\"auto, (max-width: 1024px) 100vw, 1024px\" \/><\/figure>\n\n\n\n<figure class=\"wp-block-image size-large\"><img loading=\"lazy\" decoding=\"async\" width=\"1024\" height=\"798\" data-attachment-id=\"15056\" data-permalink=\"https:\/\/muzeusm.ro\/en\/23-august-1944-80-de-ani\/14-2\/\" data-orig-file=\"https:\/\/muzeusm.ro\/wp-content\/uploads\/2024\/08\/14.jpg\" data-orig-size=\"1800,1402\" data-comments-opened=\"1\" data-image-meta=\"{&quot;aperture&quot;:&quot;0&quot;,&quot;credit&quot;:&quot;&quot;,&quot;camera&quot;:&quot;&quot;,&quot;caption&quot;:&quot;&quot;,&quot;created_timestamp&quot;:&quot;0&quot;,&quot;copyright&quot;:&quot;&quot;,&quot;focal_length&quot;:&quot;0&quot;,&quot;iso&quot;:&quot;0&quot;,&quot;shutter_speed&quot;:&quot;0&quot;,&quot;title&quot;:&quot;&quot;,&quot;orientation&quot;:&quot;1&quot;}\" data-image-title=\"14\" data-image-description=\"\" data-image-caption=\"\" data-medium-file=\"https:\/\/muzeusm.ro\/wp-content\/uploads\/2024\/08\/14-300x234.jpg\" data-large-file=\"https:\/\/muzeusm.ro\/wp-content\/uploads\/2024\/08\/14-1024x798.jpg\" data-id=\"15056\" src=\"https:\/\/muzeusm.ro\/wp-content\/uploads\/2024\/08\/14-1024x798.jpg\" alt=\"\" class=\"wp-image-15056\" srcset=\"https:\/\/muzeusm.ro\/wp-content\/uploads\/2024\/08\/14-1024x798.jpg 1024w, https:\/\/muzeusm.ro\/wp-content\/uploads\/2024\/08\/14-300x234.jpg 300w, https:\/\/muzeusm.ro\/wp-content\/uploads\/2024\/08\/14-768x598.jpg 768w, https:\/\/muzeusm.ro\/wp-content\/uploads\/2024\/08\/14-1536x1196.jpg 1536w, https:\/\/muzeusm.ro\/wp-content\/uploads\/2024\/08\/14-1568x1221.jpg 1568w, https:\/\/muzeusm.ro\/wp-content\/uploads\/2024\/08\/14.jpg 1800w\" sizes=\"auto, (max-width: 1024px) 100vw, 1024px\" \/><\/figure>\n\n\n\n<figure class=\"wp-block-image size-large\"><img loading=\"lazy\" decoding=\"async\" width=\"1024\" height=\"841\" data-attachment-id=\"15057\" data-permalink=\"https:\/\/muzeusm.ro\/en\/23-august-1944-80-de-ani\/attachment\/29\/\" data-orig-file=\"https:\/\/muzeusm.ro\/wp-content\/uploads\/2024\/08\/29.jpg\" data-orig-size=\"1764,1448\" data-comments-opened=\"1\" data-image-meta=\"{&quot;aperture&quot;:&quot;0&quot;,&quot;credit&quot;:&quot;&quot;,&quot;camera&quot;:&quot;&quot;,&quot;caption&quot;:&quot;&quot;,&quot;created_timestamp&quot;:&quot;0&quot;,&quot;copyright&quot;:&quot;&quot;,&quot;focal_length&quot;:&quot;0&quot;,&quot;iso&quot;:&quot;0&quot;,&quot;shutter_speed&quot;:&quot;0&quot;,&quot;title&quot;:&quot;&quot;,&quot;orientation&quot;:&quot;1&quot;}\" data-image-title=\"29\" data-image-description=\"\" data-image-caption=\"\" data-medium-file=\"https:\/\/muzeusm.ro\/wp-content\/uploads\/2024\/08\/29-300x246.jpg\" data-large-file=\"https:\/\/muzeusm.ro\/wp-content\/uploads\/2024\/08\/29-1024x841.jpg\" data-id=\"15057\" src=\"https:\/\/muzeusm.ro\/wp-content\/uploads\/2024\/08\/29-1024x841.jpg\" alt=\"\" class=\"wp-image-15057\" srcset=\"https:\/\/muzeusm.ro\/wp-content\/uploads\/2024\/08\/29-1024x841.jpg 1024w, https:\/\/muzeusm.ro\/wp-content\/uploads\/2024\/08\/29-300x246.jpg 300w, https:\/\/muzeusm.ro\/wp-content\/uploads\/2024\/08\/29-768x630.jpg 768w, https:\/\/muzeusm.ro\/wp-content\/uploads\/2024\/08\/29-1536x1261.jpg 1536w, https:\/\/muzeusm.ro\/wp-content\/uploads\/2024\/08\/29-1568x1287.jpg 1568w, https:\/\/muzeusm.ro\/wp-content\/uploads\/2024\/08\/29.jpg 1764w\" sizes=\"auto, (max-width: 1024px) 100vw, 1024px\" \/><\/figure>\n\n\n\n<figure class=\"wp-block-image size-large\"><img loading=\"lazy\" decoding=\"async\" width=\"1024\" height=\"711\" data-attachment-id=\"15058\" data-permalink=\"https:\/\/muzeusm.ro\/en\/23-august-1944-80-de-ani\/attachment\/25\/\" data-orig-file=\"https:\/\/muzeusm.ro\/wp-content\/uploads\/2024\/08\/25.jpg\" data-orig-size=\"1800,1250\" data-comments-opened=\"1\" data-image-meta=\"{&quot;aperture&quot;:&quot;0&quot;,&quot;credit&quot;:&quot;&quot;,&quot;camera&quot;:&quot;&quot;,&quot;caption&quot;:&quot;&quot;,&quot;created_timestamp&quot;:&quot;0&quot;,&quot;copyright&quot;:&quot;&quot;,&quot;focal_length&quot;:&quot;0&quot;,&quot;iso&quot;:&quot;0&quot;,&quot;shutter_speed&quot;:&quot;0&quot;,&quot;title&quot;:&quot;&quot;,&quot;orientation&quot;:&quot;1&quot;}\" data-image-title=\"25\" data-image-description=\"\" data-image-caption=\"\" data-medium-file=\"https:\/\/muzeusm.ro\/wp-content\/uploads\/2024\/08\/25-300x208.jpg\" data-large-file=\"https:\/\/muzeusm.ro\/wp-content\/uploads\/2024\/08\/25-1024x711.jpg\" data-id=\"15058\" src=\"https:\/\/muzeusm.ro\/wp-content\/uploads\/2024\/08\/25-1024x711.jpg\" alt=\"\" class=\"wp-image-15058\" srcset=\"https:\/\/muzeusm.ro\/wp-content\/uploads\/2024\/08\/25-1024x711.jpg 1024w, https:\/\/muzeusm.ro\/wp-content\/uploads\/2024\/08\/25-300x208.jpg 300w, https:\/\/muzeusm.ro\/wp-content\/uploads\/2024\/08\/25-768x533.jpg 768w, https:\/\/muzeusm.ro\/wp-content\/uploads\/2024\/08\/25-1536x1067.jpg 1536w, https:\/\/muzeusm.ro\/wp-content\/uploads\/2024\/08\/25-1568x1089.jpg 1568w, https:\/\/muzeusm.ro\/wp-content\/uploads\/2024\/08\/25.jpg 1800w\" sizes=\"auto, (max-width: 1024px) 100vw, 1024px\" \/><\/figure>\n\n\n\n<figure class=\"wp-block-image size-large\"><img loading=\"lazy\" decoding=\"async\" width=\"1800\" height=\"1764\" data-attachment-id=\"15059\" data-permalink=\"https:\/\/muzeusm.ro\/en\/23-august-1944-80-de-ani\/attachment\/26\/\" data-orig-file=\"https:\/\/muzeusm.ro\/wp-content\/uploads\/2024\/08\/26.jpg\" data-orig-size=\"1800,1764\" data-comments-opened=\"1\" data-image-meta=\"{&quot;aperture&quot;:&quot;0&quot;,&quot;credit&quot;:&quot;&quot;,&quot;camera&quot;:&quot;&quot;,&quot;caption&quot;:&quot;&quot;,&quot;created_timestamp&quot;:&quot;0&quot;,&quot;copyright&quot;:&quot;&quot;,&quot;focal_length&quot;:&quot;0&quot;,&quot;iso&quot;:&quot;0&quot;,&quot;shutter_speed&quot;:&quot;0&quot;,&quot;title&quot;:&quot;&quot;,&quot;orientation&quot;:&quot;1&quot;}\" data-image-title=\"26\" data-image-description=\"\" data-image-caption=\"\" data-medium-file=\"https:\/\/muzeusm.ro\/wp-content\/uploads\/2024\/08\/26-300x294.jpg\" data-large-file=\"https:\/\/muzeusm.ro\/wp-content\/uploads\/2024\/08\/26.jpg\" data-id=\"15059\" src=\"https:\/\/muzeusm.ro\/wp-content\/uploads\/2024\/08\/26.jpg\" alt=\"\" class=\"wp-image-15059\" srcset=\"https:\/\/muzeusm.ro\/wp-content\/uploads\/2024\/08\/26.jpg 1800w, https:\/\/muzeusm.ro\/wp-content\/uploads\/2024\/08\/26-300x294.jpg 300w\" sizes=\"auto, (max-width: 1800px) 100vw, 1800px\" \/><\/figure>\n\n\n\n<figure class=\"wp-block-image size-large\"><img loading=\"lazy\" decoding=\"async\" width=\"1800\" height=\"1762\" data-attachment-id=\"15060\" data-permalink=\"https:\/\/muzeusm.ro\/en\/23-august-1944-80-de-ani\/attachment\/33\/\" data-orig-file=\"https:\/\/muzeusm.ro\/wp-content\/uploads\/2024\/08\/33.jpg\" data-orig-size=\"1800,1762\" data-comments-opened=\"1\" data-image-meta=\"{&quot;aperture&quot;:&quot;0&quot;,&quot;credit&quot;:&quot;&quot;,&quot;camera&quot;:&quot;&quot;,&quot;caption&quot;:&quot;&quot;,&quot;created_timestamp&quot;:&quot;0&quot;,&quot;copyright&quot;:&quot;&quot;,&quot;focal_length&quot;:&quot;0&quot;,&quot;iso&quot;:&quot;0&quot;,&quot;shutter_speed&quot;:&quot;0&quot;,&quot;title&quot;:&quot;&quot;,&quot;orientation&quot;:&quot;1&quot;}\" data-image-title=\"33\" data-image-description=\"\" data-image-caption=\"\" data-medium-file=\"https:\/\/muzeusm.ro\/wp-content\/uploads\/2024\/08\/33-300x294.jpg\" data-large-file=\"https:\/\/muzeusm.ro\/wp-content\/uploads\/2024\/08\/33.jpg\" data-id=\"15060\" src=\"https:\/\/muzeusm.ro\/wp-content\/uploads\/2024\/08\/33.jpg\" alt=\"\" class=\"wp-image-15060\" srcset=\"https:\/\/muzeusm.ro\/wp-content\/uploads\/2024\/08\/33.jpg 1800w, https:\/\/muzeusm.ro\/wp-content\/uploads\/2024\/08\/33-300x294.jpg 300w\" sizes=\"auto, (max-width: 1800px) 100vw, 1800px\" \/><\/figure>\n\n\n\n<figure class=\"wp-block-image size-large\"><img loading=\"lazy\" decoding=\"async\" width=\"1024\" height=\"691\" data-attachment-id=\"15061\" data-permalink=\"https:\/\/muzeusm.ro\/en\/23-august-1944-80-de-ani\/attachment\/39\/\" data-orig-file=\"https:\/\/muzeusm.ro\/wp-content\/uploads\/2024\/08\/39.jpg\" data-orig-size=\"1728,1166\" data-comments-opened=\"1\" data-image-meta=\"{&quot;aperture&quot;:&quot;0&quot;,&quot;credit&quot;:&quot;&quot;,&quot;camera&quot;:&quot;&quot;,&quot;caption&quot;:&quot;&quot;,&quot;created_timestamp&quot;:&quot;0&quot;,&quot;copyright&quot;:&quot;&quot;,&quot;focal_length&quot;:&quot;0&quot;,&quot;iso&quot;:&quot;0&quot;,&quot;shutter_speed&quot;:&quot;0&quot;,&quot;title&quot;:&quot;&quot;,&quot;orientation&quot;:&quot;1&quot;}\" data-image-title=\"39\" data-image-description=\"\" data-image-caption=\"\" data-medium-file=\"https:\/\/muzeusm.ro\/wp-content\/uploads\/2024\/08\/39-300x202.jpg\" data-large-file=\"https:\/\/muzeusm.ro\/wp-content\/uploads\/2024\/08\/39-1024x691.jpg\" data-id=\"15061\" src=\"https:\/\/muzeusm.ro\/wp-content\/uploads\/2024\/08\/39-1024x691.jpg\" alt=\"\" class=\"wp-image-15061\" srcset=\"https:\/\/muzeusm.ro\/wp-content\/uploads\/2024\/08\/39-1024x691.jpg 1024w, https:\/\/muzeusm.ro\/wp-content\/uploads\/2024\/08\/39-300x202.jpg 300w, https:\/\/muzeusm.ro\/wp-content\/uploads\/2024\/08\/39-768x518.jpg 768w, https:\/\/muzeusm.ro\/wp-content\/uploads\/2024\/08\/39-1536x1036.jpg 1536w, https:\/\/muzeusm.ro\/wp-content\/uploads\/2024\/08\/39-1568x1058.jpg 1568w, https:\/\/muzeusm.ro\/wp-content\/uploads\/2024\/08\/39.jpg 1728w\" sizes=\"auto, (max-width: 1024px) 100vw, 1024px\" \/><\/figure>\n\n\n\n<figure class=\"wp-block-image size-large\"><img loading=\"lazy\" decoding=\"async\" width=\"1794\" height=\"1800\" data-attachment-id=\"15062\" data-permalink=\"https:\/\/muzeusm.ro\/en\/23-august-1944-80-de-ani\/7-3\/\" data-orig-file=\"https:\/\/muzeusm.ro\/wp-content\/uploads\/2024\/08\/7.jpg\" data-orig-size=\"1794,1800\" data-comments-opened=\"1\" data-image-meta=\"{&quot;aperture&quot;:&quot;0&quot;,&quot;credit&quot;:&quot;&quot;,&quot;camera&quot;:&quot;&quot;,&quot;caption&quot;:&quot;&quot;,&quot;created_timestamp&quot;:&quot;0&quot;,&quot;copyright&quot;:&quot;&quot;,&quot;focal_length&quot;:&quot;0&quot;,&quot;iso&quot;:&quot;0&quot;,&quot;shutter_speed&quot;:&quot;0&quot;,&quot;title&quot;:&quot;&quot;,&quot;orientation&quot;:&quot;1&quot;}\" data-image-title=\"7\" data-image-description=\"\" data-image-caption=\"\" data-medium-file=\"https:\/\/muzeusm.ro\/wp-content\/uploads\/2024\/08\/7.jpg\" data-large-file=\"https:\/\/muzeusm.ro\/wp-content\/uploads\/2024\/08\/7.jpg\" data-id=\"15062\" src=\"https:\/\/muzeusm.ro\/wp-content\/uploads\/2024\/08\/7.jpg\" alt=\"\" class=\"wp-image-15062\"\/><\/figure>\n\n\n\n<figure class=\"wp-block-image size-large\"><img loading=\"lazy\" decoding=\"async\" width=\"1018\" height=\"1024\" data-attachment-id=\"15063\" data-permalink=\"https:\/\/muzeusm.ro\/en\/23-august-1944-80-de-ani\/attachment\/34\/\" data-orig-file=\"https:\/\/muzeusm.ro\/wp-content\/uploads\/2024\/08\/34.jpg\" data-orig-size=\"1789,1800\" data-comments-opened=\"1\" data-image-meta=\"{&quot;aperture&quot;:&quot;0&quot;,&quot;credit&quot;:&quot;&quot;,&quot;camera&quot;:&quot;&quot;,&quot;caption&quot;:&quot;&quot;,&quot;created_timestamp&quot;:&quot;0&quot;,&quot;copyright&quot;:&quot;&quot;,&quot;focal_length&quot;:&quot;0&quot;,&quot;iso&quot;:&quot;0&quot;,&quot;shutter_speed&quot;:&quot;0&quot;,&quot;title&quot;:&quot;&quot;,&quot;orientation&quot;:&quot;1&quot;}\" data-image-title=\"34\" data-image-description=\"\" data-image-caption=\"\" data-medium-file=\"https:\/\/muzeusm.ro\/wp-content\/uploads\/2024\/08\/34-298x300.jpg\" data-large-file=\"https:\/\/muzeusm.ro\/wp-content\/uploads\/2024\/08\/34-1018x1024.jpg\" data-id=\"15063\" src=\"https:\/\/muzeusm.ro\/wp-content\/uploads\/2024\/08\/34-1018x1024.jpg\" alt=\"\" class=\"wp-image-15063\" srcset=\"https:\/\/muzeusm.ro\/wp-content\/uploads\/2024\/08\/34-1018x1024.jpg 1018w, https:\/\/muzeusm.ro\/wp-content\/uploads\/2024\/08\/34-298x300.jpg 298w, https:\/\/muzeusm.ro\/wp-content\/uploads\/2024\/08\/34-150x150.jpg 150w, https:\/\/muzeusm.ro\/wp-content\/uploads\/2024\/08\/34-768x773.jpg 768w, https:\/\/muzeusm.ro\/wp-content\/uploads\/2024\/08\/34-1527x1536.jpg 1527w, https:\/\/muzeusm.ro\/wp-content\/uploads\/2024\/08\/34-1568x1578.jpg 1568w, https:\/\/muzeusm.ro\/wp-content\/uploads\/2024\/08\/34.jpg 1789w\" sizes=\"auto, (max-width: 1018px) 100vw, 1018px\" \/><\/figure>\n\n\n\n<figure class=\"wp-block-image size-large\"><img loading=\"lazy\" decoding=\"async\" width=\"1800\" height=\"1664\" data-attachment-id=\"15064\" data-permalink=\"https:\/\/muzeusm.ro\/en\/23-august-1944-80-de-ani\/attachment\/24\/\" data-orig-file=\"https:\/\/muzeusm.ro\/wp-content\/uploads\/2024\/08\/24.jpg\" data-orig-size=\"1800,1664\" data-comments-opened=\"1\" data-image-meta=\"{&quot;aperture&quot;:&quot;0&quot;,&quot;credit&quot;:&quot;&quot;,&quot;camera&quot;:&quot;&quot;,&quot;caption&quot;:&quot;&quot;,&quot;created_timestamp&quot;:&quot;0&quot;,&quot;copyright&quot;:&quot;&quot;,&quot;focal_length&quot;:&quot;0&quot;,&quot;iso&quot;:&quot;0&quot;,&quot;shutter_speed&quot;:&quot;0&quot;,&quot;title&quot;:&quot;&quot;,&quot;orientation&quot;:&quot;1&quot;}\" data-image-title=\"24\" data-image-description=\"\" data-image-caption=\"\" data-medium-file=\"https:\/\/muzeusm.ro\/wp-content\/uploads\/2024\/08\/24.jpg\" data-large-file=\"https:\/\/muzeusm.ro\/wp-content\/uploads\/2024\/08\/24.jpg\" data-id=\"15064\" src=\"https:\/\/muzeusm.ro\/wp-content\/uploads\/2024\/08\/24.jpg\" alt=\"\" class=\"wp-image-15064\"\/><\/figure>\n\n\n\n<figure class=\"wp-block-image size-large\"><img loading=\"lazy\" decoding=\"async\" width=\"1002\" height=\"1024\" data-attachment-id=\"15065\" data-permalink=\"https:\/\/muzeusm.ro\/en\/23-august-1944-80-de-ani\/8-6\/\" data-orig-file=\"https:\/\/muzeusm.ro\/wp-content\/uploads\/2024\/08\/8.jpg\" data-orig-size=\"1761,1800\" data-comments-opened=\"1\" data-image-meta=\"{&quot;aperture&quot;:&quot;0&quot;,&quot;credit&quot;:&quot;&quot;,&quot;camera&quot;:&quot;&quot;,&quot;caption&quot;:&quot;&quot;,&quot;created_timestamp&quot;:&quot;0&quot;,&quot;copyright&quot;:&quot;&quot;,&quot;focal_length&quot;:&quot;0&quot;,&quot;iso&quot;:&quot;0&quot;,&quot;shutter_speed&quot;:&quot;0&quot;,&quot;title&quot;:&quot;&quot;,&quot;orientation&quot;:&quot;1&quot;}\" data-image-title=\"8\" data-image-description=\"\" data-image-caption=\"\" data-medium-file=\"https:\/\/muzeusm.ro\/wp-content\/uploads\/2024\/08\/8-294x300.jpg\" data-large-file=\"https:\/\/muzeusm.ro\/wp-content\/uploads\/2024\/08\/8-1002x1024.jpg\" data-id=\"15065\" src=\"https:\/\/muzeusm.ro\/wp-content\/uploads\/2024\/08\/8-1002x1024.jpg\" alt=\"\" class=\"wp-image-15065\" srcset=\"https:\/\/muzeusm.ro\/wp-content\/uploads\/2024\/08\/8-1002x1024.jpg 1002w, https:\/\/muzeusm.ro\/wp-content\/uploads\/2024\/08\/8-294x300.jpg 294w, https:\/\/muzeusm.ro\/wp-content\/uploads\/2024\/08\/8-768x785.jpg 768w, https:\/\/muzeusm.ro\/wp-content\/uploads\/2024\/08\/8-1503x1536.jpg 1503w, https:\/\/muzeusm.ro\/wp-content\/uploads\/2024\/08\/8-1568x1603.jpg 1568w, https:\/\/muzeusm.ro\/wp-content\/uploads\/2024\/08\/8.jpg 1761w\" sizes=\"auto, (max-width: 1002px) 100vw, 1002px\" \/><\/figure>\n\n\n\n<figure class=\"wp-block-image size-large\"><img loading=\"lazy\" decoding=\"async\" width=\"1677\" height=\"1268\" data-attachment-id=\"15066\" data-permalink=\"https:\/\/muzeusm.ro\/en\/23-august-1944-80-de-ani\/attachment\/40\/\" data-orig-file=\"https:\/\/muzeusm.ro\/wp-content\/uploads\/2024\/08\/40.jpg\" data-orig-size=\"1677,1268\" data-comments-opened=\"1\" data-image-meta=\"{&quot;aperture&quot;:&quot;0&quot;,&quot;credit&quot;:&quot;&quot;,&quot;camera&quot;:&quot;&quot;,&quot;caption&quot;:&quot;&quot;,&quot;created_timestamp&quot;:&quot;0&quot;,&quot;copyright&quot;:&quot;&quot;,&quot;focal_length&quot;:&quot;0&quot;,&quot;iso&quot;:&quot;0&quot;,&quot;shutter_speed&quot;:&quot;0&quot;,&quot;title&quot;:&quot;&quot;,&quot;orientation&quot;:&quot;1&quot;}\" data-image-title=\"40\" data-image-description=\"\" data-image-caption=\"\" data-medium-file=\"https:\/\/muzeusm.ro\/wp-content\/uploads\/2024\/08\/40.jpg\" data-large-file=\"https:\/\/muzeusm.ro\/wp-content\/uploads\/2024\/08\/40.jpg\" data-id=\"15066\" src=\"https:\/\/muzeusm.ro\/wp-content\/uploads\/2024\/08\/40.jpg\" alt=\"\" class=\"wp-image-15066\"\/><\/figure>\n\n\n\n<figure class=\"wp-block-image size-large\"><img loading=\"lazy\" decoding=\"async\" width=\"1018\" height=\"1024\" data-attachment-id=\"15067\" data-permalink=\"https:\/\/muzeusm.ro\/en\/23-august-1944-80-de-ani\/attachment\/30\/\" data-orig-file=\"https:\/\/muzeusm.ro\/wp-content\/uploads\/2024\/08\/30.jpg\" data-orig-size=\"1789,1800\" data-comments-opened=\"1\" data-image-meta=\"{&quot;aperture&quot;:&quot;0&quot;,&quot;credit&quot;:&quot;&quot;,&quot;camera&quot;:&quot;&quot;,&quot;caption&quot;:&quot;&quot;,&quot;created_timestamp&quot;:&quot;0&quot;,&quot;copyright&quot;:&quot;&quot;,&quot;focal_length&quot;:&quot;0&quot;,&quot;iso&quot;:&quot;0&quot;,&quot;shutter_speed&quot;:&quot;0&quot;,&quot;title&quot;:&quot;&quot;,&quot;orientation&quot;:&quot;1&quot;}\" data-image-title=\"30\" data-image-description=\"\" data-image-caption=\"\" data-medium-file=\"https:\/\/muzeusm.ro\/wp-content\/uploads\/2024\/08\/30-298x300.jpg\" data-large-file=\"https:\/\/muzeusm.ro\/wp-content\/uploads\/2024\/08\/30-1018x1024.jpg\" data-id=\"15067\" src=\"https:\/\/muzeusm.ro\/wp-content\/uploads\/2024\/08\/30-1018x1024.jpg\" alt=\"\" class=\"wp-image-15067\" srcset=\"https:\/\/muzeusm.ro\/wp-content\/uploads\/2024\/08\/30-1018x1024.jpg 1018w, https:\/\/muzeusm.ro\/wp-content\/uploads\/2024\/08\/30-298x300.jpg 298w, https:\/\/muzeusm.ro\/wp-content\/uploads\/2024\/08\/30-150x150.jpg 150w, https:\/\/muzeusm.ro\/wp-content\/uploads\/2024\/08\/30-768x773.jpg 768w, https:\/\/muzeusm.ro\/wp-content\/uploads\/2024\/08\/30-1527x1536.jpg 1527w, https:\/\/muzeusm.ro\/wp-content\/uploads\/2024\/08\/30-1568x1578.jpg 1568w, https:\/\/muzeusm.ro\/wp-content\/uploads\/2024\/08\/30.jpg 1789w\" sizes=\"auto, (max-width: 1018px) 100vw, 1018px\" \/><\/figure>\n\n\n\n<figure class=\"wp-block-image size-large\"><img loading=\"lazy\" decoding=\"async\" width=\"1791\" height=\"1800\" data-attachment-id=\"15068\" data-permalink=\"https:\/\/muzeusm.ro\/en\/23-august-1944-80-de-ani\/attachment\/35\/\" data-orig-file=\"https:\/\/muzeusm.ro\/wp-content\/uploads\/2024\/08\/35.jpg\" data-orig-size=\"1791,1800\" data-comments-opened=\"1\" data-image-meta=\"{&quot;aperture&quot;:&quot;0&quot;,&quot;credit&quot;:&quot;&quot;,&quot;camera&quot;:&quot;&quot;,&quot;caption&quot;:&quot;&quot;,&quot;created_timestamp&quot;:&quot;0&quot;,&quot;copyright&quot;:&quot;&quot;,&quot;focal_length&quot;:&quot;0&quot;,&quot;iso&quot;:&quot;0&quot;,&quot;shutter_speed&quot;:&quot;0&quot;,&quot;title&quot;:&quot;&quot;,&quot;orientation&quot;:&quot;1&quot;}\" data-image-title=\"35\" data-image-description=\"\" data-image-caption=\"\" data-medium-file=\"https:\/\/muzeusm.ro\/wp-content\/uploads\/2024\/08\/35.jpg\" data-large-file=\"https:\/\/muzeusm.ro\/wp-content\/uploads\/2024\/08\/35.jpg\" data-id=\"15068\" src=\"https:\/\/muzeusm.ro\/wp-content\/uploads\/2024\/08\/35.jpg\" alt=\"\" class=\"wp-image-15068\"\/><\/figure>\n\n\n\n<figure class=\"wp-block-image size-large\"><img loading=\"lazy\" decoding=\"async\" width=\"649\" height=\"1024\" data-attachment-id=\"15069\" data-permalink=\"https:\/\/muzeusm.ro\/en\/23-august-1944-80-de-ani\/1960_08_23_leica_0242_022\/\" data-orig-file=\"https:\/\/muzeusm.ro\/wp-content\/uploads\/2024\/08\/1960_08_23_leica_0242_022-scaled.jpg\" data-orig-size=\"1621,2560\" data-comments-opened=\"1\" data-image-meta=\"{&quot;aperture&quot;:&quot;0&quot;,&quot;credit&quot;:&quot;&quot;,&quot;camera&quot;:&quot;&quot;,&quot;caption&quot;:&quot;&quot;,&quot;created_timestamp&quot;:&quot;0&quot;,&quot;copyright&quot;:&quot;&quot;,&quot;focal_length&quot;:&quot;0&quot;,&quot;iso&quot;:&quot;0&quot;,&quot;shutter_speed&quot;:&quot;0&quot;,&quot;title&quot;:&quot;&quot;,&quot;orientation&quot;:&quot;0&quot;}\" data-image-title=\"1960_08_23_leica_0242_022\" data-image-description=\"\" data-image-caption=\"\" data-medium-file=\"https:\/\/muzeusm.ro\/wp-content\/uploads\/2024\/08\/1960_08_23_leica_0242_022-190x300.jpg\" data-large-file=\"https:\/\/muzeusm.ro\/wp-content\/uploads\/2024\/08\/1960_08_23_leica_0242_022-649x1024.jpg\" data-id=\"15069\" src=\"https:\/\/muzeusm.ro\/wp-content\/uploads\/2024\/08\/1960_08_23_leica_0242_022-649x1024.jpg\" alt=\"\" class=\"wp-image-15069\" srcset=\"https:\/\/muzeusm.ro\/wp-content\/uploads\/2024\/08\/1960_08_23_leica_0242_022-649x1024.jpg 649w, https:\/\/muzeusm.ro\/wp-content\/uploads\/2024\/08\/1960_08_23_leica_0242_022-190x300.jpg 190w, https:\/\/muzeusm.ro\/wp-content\/uploads\/2024\/08\/1960_08_23_leica_0242_022-768x1213.jpg 768w, https:\/\/muzeusm.ro\/wp-content\/uploads\/2024\/08\/1960_08_23_leica_0242_022-973x1536.jpg 973w, https:\/\/muzeusm.ro\/wp-content\/uploads\/2024\/08\/1960_08_23_leica_0242_022-1297x2048.jpg 1297w, https:\/\/muzeusm.ro\/wp-content\/uploads\/2024\/08\/1960_08_23_leica_0242_022-1568x2476.jpg 1568w, https:\/\/muzeusm.ro\/wp-content\/uploads\/2024\/08\/1960_08_23_leica_0242_022-scaled.jpg 1621w\" sizes=\"auto, (max-width: 649px) 100vw, 649px\" \/><\/figure>\n\n\n\n<figure class=\"wp-block-image size-large\"><img loading=\"lazy\" decoding=\"async\" width=\"1024\" height=\"644\" data-attachment-id=\"15070\" data-permalink=\"https:\/\/muzeusm.ro\/en\/23-august-1944-80-de-ani\/1960_08_23_leica_0242_021\/\" data-orig-file=\"https:\/\/muzeusm.ro\/wp-content\/uploads\/2024\/08\/1960_08_23_leica_0242_021-scaled.jpg\" data-orig-size=\"2560,1610\" data-comments-opened=\"1\" data-image-meta=\"{&quot;aperture&quot;:&quot;0&quot;,&quot;credit&quot;:&quot;&quot;,&quot;camera&quot;:&quot;&quot;,&quot;caption&quot;:&quot;&quot;,&quot;created_timestamp&quot;:&quot;0&quot;,&quot;copyright&quot;:&quot;&quot;,&quot;focal_length&quot;:&quot;0&quot;,&quot;iso&quot;:&quot;0&quot;,&quot;shutter_speed&quot;:&quot;0&quot;,&quot;title&quot;:&quot;&quot;,&quot;orientation&quot;:&quot;1&quot;}\" data-image-title=\"1960_08_23_leica_0242_021\" data-image-description=\"\" data-image-caption=\"\" data-medium-file=\"https:\/\/muzeusm.ro\/wp-content\/uploads\/2024\/08\/1960_08_23_leica_0242_021-300x189.jpg\" data-large-file=\"https:\/\/muzeusm.ro\/wp-content\/uploads\/2024\/08\/1960_08_23_leica_0242_021-1024x644.jpg\" data-id=\"15070\" src=\"https:\/\/muzeusm.ro\/wp-content\/uploads\/2024\/08\/1960_08_23_leica_0242_021-1024x644.jpg\" alt=\"\" class=\"wp-image-15070\" srcset=\"https:\/\/muzeusm.ro\/wp-content\/uploads\/2024\/08\/1960_08_23_leica_0242_021-1024x644.jpg 1024w, https:\/\/muzeusm.ro\/wp-content\/uploads\/2024\/08\/1960_08_23_leica_0242_021-300x189.jpg 300w, https:\/\/muzeusm.ro\/wp-content\/uploads\/2024\/08\/1960_08_23_leica_0242_021-768x483.jpg 768w, https:\/\/muzeusm.ro\/wp-content\/uploads\/2024\/08\/1960_08_23_leica_0242_021-1536x966.jpg 1536w, https:\/\/muzeusm.ro\/wp-content\/uploads\/2024\/08\/1960_08_23_leica_0242_021-2048x1288.jpg 2048w, https:\/\/muzeusm.ro\/wp-content\/uploads\/2024\/08\/1960_08_23_leica_0242_021-1568x986.jpg 1568w\" sizes=\"auto, (max-width: 1024px) 100vw, 1024px\" \/><\/figure>\n\n\n\n<figure class=\"wp-block-image size-large\"><img loading=\"lazy\" decoding=\"async\" width=\"1024\" height=\"645\" data-attachment-id=\"15071\" data-permalink=\"https:\/\/muzeusm.ro\/en\/23-august-1944-80-de-ani\/1960_08_23_leica_0242_012\/\" data-orig-file=\"https:\/\/muzeusm.ro\/wp-content\/uploads\/2024\/08\/1960_08_23_leica_0242_012-scaled.jpg\" data-orig-size=\"2560,1614\" data-comments-opened=\"1\" data-image-meta=\"{&quot;aperture&quot;:&quot;0&quot;,&quot;credit&quot;:&quot;&quot;,&quot;camera&quot;:&quot;&quot;,&quot;caption&quot;:&quot;&quot;,&quot;created_timestamp&quot;:&quot;0&quot;,&quot;copyright&quot;:&quot;&quot;,&quot;focal_length&quot;:&quot;0&quot;,&quot;iso&quot;:&quot;0&quot;,&quot;shutter_speed&quot;:&quot;0&quot;,&quot;title&quot;:&quot;&quot;,&quot;orientation&quot;:&quot;1&quot;}\" data-image-title=\"1960_08_23_leica_0242_012\" data-image-description=\"\" data-image-caption=\"\" data-medium-file=\"https:\/\/muzeusm.ro\/wp-content\/uploads\/2024\/08\/1960_08_23_leica_0242_012-300x189.jpg\" data-large-file=\"https:\/\/muzeusm.ro\/wp-content\/uploads\/2024\/08\/1960_08_23_leica_0242_012-1024x645.jpg\" data-id=\"15071\" src=\"https:\/\/muzeusm.ro\/wp-content\/uploads\/2024\/08\/1960_08_23_leica_0242_012-1024x645.jpg\" alt=\"\" class=\"wp-image-15071\" srcset=\"https:\/\/muzeusm.ro\/wp-content\/uploads\/2024\/08\/1960_08_23_leica_0242_012-1024x645.jpg 1024w, https:\/\/muzeusm.ro\/wp-content\/uploads\/2024\/08\/1960_08_23_leica_0242_012-300x189.jpg 300w, https:\/\/muzeusm.ro\/wp-content\/uploads\/2024\/08\/1960_08_23_leica_0242_012-768x484.jpg 768w, https:\/\/muzeusm.ro\/wp-content\/uploads\/2024\/08\/1960_08_23_leica_0242_012-1536x968.jpg 1536w, https:\/\/muzeusm.ro\/wp-content\/uploads\/2024\/08\/1960_08_23_leica_0242_012-2048x1291.jpg 2048w, https:\/\/muzeusm.ro\/wp-content\/uploads\/2024\/08\/1960_08_23_leica_0242_012-1568x988.jpg 1568w\" sizes=\"auto, (max-width: 1024px) 100vw, 1024px\" \/><\/figure>\n\n\n\n<figure class=\"wp-block-image size-large\"><img loading=\"lazy\" decoding=\"async\" width=\"1024\" height=\"646\" data-attachment-id=\"15072\" data-permalink=\"https:\/\/muzeusm.ro\/en\/23-august-1944-80-de-ani\/1960_08_23_leica_0242_010\/\" data-orig-file=\"https:\/\/muzeusm.ro\/wp-content\/uploads\/2024\/08\/1960_08_23_leica_0242_010-scaled.jpg\" data-orig-size=\"2560,1614\" data-comments-opened=\"1\" data-image-meta=\"{&quot;aperture&quot;:&quot;0&quot;,&quot;credit&quot;:&quot;&quot;,&quot;camera&quot;:&quot;&quot;,&quot;caption&quot;:&quot;&quot;,&quot;created_timestamp&quot;:&quot;0&quot;,&quot;copyright&quot;:&quot;&quot;,&quot;focal_length&quot;:&quot;0&quot;,&quot;iso&quot;:&quot;0&quot;,&quot;shutter_speed&quot;:&quot;0&quot;,&quot;title&quot;:&quot;&quot;,&quot;orientation&quot;:&quot;1&quot;}\" data-image-title=\"1960_08_23_leica_0242_010\" data-image-description=\"\" data-image-caption=\"\" data-medium-file=\"https:\/\/muzeusm.ro\/wp-content\/uploads\/2024\/08\/1960_08_23_leica_0242_010-300x189.jpg\" data-large-file=\"https:\/\/muzeusm.ro\/wp-content\/uploads\/2024\/08\/1960_08_23_leica_0242_010-1024x646.jpg\" data-id=\"15072\" src=\"https:\/\/muzeusm.ro\/wp-content\/uploads\/2024\/08\/1960_08_23_leica_0242_010-1024x646.jpg\" alt=\"\" class=\"wp-image-15072\" srcset=\"https:\/\/muzeusm.ro\/wp-content\/uploads\/2024\/08\/1960_08_23_leica_0242_010-1024x646.jpg 1024w, https:\/\/muzeusm.ro\/wp-content\/uploads\/2024\/08\/1960_08_23_leica_0242_010-300x189.jpg 300w, https:\/\/muzeusm.ro\/wp-content\/uploads\/2024\/08\/1960_08_23_leica_0242_010-768x484.jpg 768w, https:\/\/muzeusm.ro\/wp-content\/uploads\/2024\/08\/1960_08_23_leica_0242_010-1536x968.jpg 1536w, https:\/\/muzeusm.ro\/wp-content\/uploads\/2024\/08\/1960_08_23_leica_0242_010-2048x1291.jpg 2048w, https:\/\/muzeusm.ro\/wp-content\/uploads\/2024\/08\/1960_08_23_leica_0242_010-1568x988.jpg 1568w\" sizes=\"auto, (max-width: 1024px) 100vw, 1024px\" \/><\/figure>\n\n\n\n<figure class=\"wp-block-image size-large\"><img loading=\"lazy\" decoding=\"async\" width=\"660\" height=\"1024\" data-attachment-id=\"15073\" data-permalink=\"https:\/\/muzeusm.ro\/en\/23-august-1944-80-de-ani\/1960_08_23_leica_0242_014\/\" data-orig-file=\"https:\/\/muzeusm.ro\/wp-content\/uploads\/2024\/08\/1960_08_23_leica_0242_014-scaled.jpg\" data-orig-size=\"1651,2560\" data-comments-opened=\"1\" data-image-meta=\"{&quot;aperture&quot;:&quot;0&quot;,&quot;credit&quot;:&quot;&quot;,&quot;camera&quot;:&quot;&quot;,&quot;caption&quot;:&quot;&quot;,&quot;created_timestamp&quot;:&quot;0&quot;,&quot;copyright&quot;:&quot;&quot;,&quot;focal_length&quot;:&quot;0&quot;,&quot;iso&quot;:&quot;0&quot;,&quot;shutter_speed&quot;:&quot;0&quot;,&quot;title&quot;:&quot;&quot;,&quot;orientation&quot;:&quot;1&quot;}\" data-image-title=\"1960_08_23_leica_0242_014\" data-image-description=\"\" data-image-caption=\"\" data-medium-file=\"https:\/\/muzeusm.ro\/wp-content\/uploads\/2024\/08\/1960_08_23_leica_0242_014-193x300.jpg\" data-large-file=\"https:\/\/muzeusm.ro\/wp-content\/uploads\/2024\/08\/1960_08_23_leica_0242_014-660x1024.jpg\" data-id=\"15073\" src=\"https:\/\/muzeusm.ro\/wp-content\/uploads\/2024\/08\/1960_08_23_leica_0242_014-660x1024.jpg\" alt=\"\" class=\"wp-image-15073\" srcset=\"https:\/\/muzeusm.ro\/wp-content\/uploads\/2024\/08\/1960_08_23_leica_0242_014-660x1024.jpg 660w, https:\/\/muzeusm.ro\/wp-content\/uploads\/2024\/08\/1960_08_23_leica_0242_014-193x300.jpg 193w, https:\/\/muzeusm.ro\/wp-content\/uploads\/2024\/08\/1960_08_23_leica_0242_014-768x1191.jpg 768w, https:\/\/muzeusm.ro\/wp-content\/uploads\/2024\/08\/1960_08_23_leica_0242_014-991x1536.jpg 991w, https:\/\/muzeusm.ro\/wp-content\/uploads\/2024\/08\/1960_08_23_leica_0242_014-scaled.jpg 1651w\" sizes=\"auto, (max-width: 660px) 100vw, 660px\" \/><\/figure>\n\n\n\n<figure class=\"wp-block-image size-large\"><img loading=\"lazy\" decoding=\"async\" width=\"644\" height=\"1024\" data-attachment-id=\"15074\" data-permalink=\"https:\/\/muzeusm.ro\/en\/23-august-1944-80-de-ani\/1960_08_23_leica_0242_019\/\" data-orig-file=\"https:\/\/muzeusm.ro\/wp-content\/uploads\/2024\/08\/1960_08_23_leica_0242_019-scaled.jpg\" data-orig-size=\"1610,2560\" data-comments-opened=\"1\" data-image-meta=\"{&quot;aperture&quot;:&quot;0&quot;,&quot;credit&quot;:&quot;&quot;,&quot;camera&quot;:&quot;&quot;,&quot;caption&quot;:&quot;&quot;,&quot;created_timestamp&quot;:&quot;0&quot;,&quot;copyright&quot;:&quot;&quot;,&quot;focal_length&quot;:&quot;0&quot;,&quot;iso&quot;:&quot;0&quot;,&quot;shutter_speed&quot;:&quot;0&quot;,&quot;title&quot;:&quot;&quot;,&quot;orientation&quot;:&quot;1&quot;}\" data-image-title=\"1960_08_23_leica_0242_019\" data-image-description=\"\" data-image-caption=\"\" data-medium-file=\"https:\/\/muzeusm.ro\/wp-content\/uploads\/2024\/08\/1960_08_23_leica_0242_019-189x300.jpg\" data-large-file=\"https:\/\/muzeusm.ro\/wp-content\/uploads\/2024\/08\/1960_08_23_leica_0242_019-644x1024.jpg\" data-id=\"15074\" src=\"https:\/\/muzeusm.ro\/wp-content\/uploads\/2024\/08\/1960_08_23_leica_0242_019-644x1024.jpg\" alt=\"\" class=\"wp-image-15074\" srcset=\"https:\/\/muzeusm.ro\/wp-content\/uploads\/2024\/08\/1960_08_23_leica_0242_019-644x1024.jpg 644w, https:\/\/muzeusm.ro\/wp-content\/uploads\/2024\/08\/1960_08_23_leica_0242_019-189x300.jpg 189w, https:\/\/muzeusm.ro\/wp-content\/uploads\/2024\/08\/1960_08_23_leica_0242_019-768x1221.jpg 768w, https:\/\/muzeusm.ro\/wp-content\/uploads\/2024\/08\/1960_08_23_leica_0242_019-scaled.jpg 1610w\" sizes=\"auto, (max-width: 644px) 100vw, 644px\" \/><\/figure>\n\n\n\n<figure class=\"wp-block-image size-large\"><img decoding=\"async\" data-attachment-id=\"15075\" data-permalink=\"https:\/\/muzeusm.ro\/en\/23-august-1944-80-de-ani\/1960_08_23_leica_0242_018\/\" data-orig-file=\"https:\/\/muzeusm.ro\/wp-content\/uploads\/2024\/08\/1960_08_23_leica_0242_018.jpg\" data-orig-size=\"\" data-comments-opened=\"1\" data-image-meta=\"[]\" data-image-title=\"1960_08_23_leica_0242_018\" data-image-description=\"\" data-image-caption=\"\" data-medium-file=\"https:\/\/muzeusm.ro\/wp-content\/uploads\/2024\/08\/1960_08_23_leica_0242_018.jpg\" data-large-file=\"https:\/\/muzeusm.ro\/wp-content\/uploads\/2024\/08\/1960_08_23_leica_0242_018.jpg\" data-id=\"15075\" src=\"https:\/\/muzeusm.ro\/wp-content\/uploads\/2024\/08\/1960_08_23_leica_0242_018.jpg\" alt=\"\" class=\"wp-image-15075\"\/><\/figure>\n\n\n\n<figure class=\"wp-block-image size-large\"><img loading=\"lazy\" decoding=\"async\" width=\"1637\" height=\"2560\" data-attachment-id=\"15076\" data-permalink=\"https:\/\/muzeusm.ro\/en\/23-august-1944-80-de-ani\/1960_08_23_leica_0242_005\/\" data-orig-file=\"https:\/\/muzeusm.ro\/wp-content\/uploads\/2024\/08\/1960_08_23_leica_0242_005-scaled.jpg\" data-orig-size=\"1637,2560\" data-comments-opened=\"1\" data-image-meta=\"{&quot;aperture&quot;:&quot;0&quot;,&quot;credit&quot;:&quot;&quot;,&quot;camera&quot;:&quot;&quot;,&quot;caption&quot;:&quot;&quot;,&quot;created_timestamp&quot;:&quot;0&quot;,&quot;copyright&quot;:&quot;&quot;,&quot;focal_length&quot;:&quot;0&quot;,&quot;iso&quot;:&quot;0&quot;,&quot;shutter_speed&quot;:&quot;0&quot;,&quot;title&quot;:&quot;&quot;,&quot;orientation&quot;:&quot;0&quot;}\" data-image-title=\"1960_08_23_leica_0242_005\" data-image-description=\"\" data-image-caption=\"\" data-medium-file=\"https:\/\/muzeusm.ro\/wp-content\/uploads\/2024\/08\/1960_08_23_leica_0242_005-scaled.jpg\" data-large-file=\"https:\/\/muzeusm.ro\/wp-content\/uploads\/2024\/08\/1960_08_23_leica_0242_005-scaled.jpg\" data-id=\"15076\" src=\"https:\/\/muzeusm.ro\/wp-content\/uploads\/2024\/08\/1960_08_23_leica_0242_005-scaled.jpg\" alt=\"\" class=\"wp-image-15076\"\/><\/figure>\n\n\n\n<figure class=\"wp-block-image size-large\"><img decoding=\"async\" data-attachment-id=\"15077\" data-permalink=\"https:\/\/muzeusm.ro\/en\/23-august-1944-80-de-ani\/1960_08_23_leica_0242_017\/\" data-orig-file=\"https:\/\/muzeusm.ro\/wp-content\/uploads\/2024\/08\/1960_08_23_leica_0242_017.jpg\" data-orig-size=\"\" data-comments-opened=\"1\" data-image-meta=\"[]\" data-image-title=\"1960_08_23_leica_0242_017\" data-image-description=\"\" data-image-caption=\"\" data-medium-file=\"https:\/\/muzeusm.ro\/wp-content\/uploads\/2024\/08\/1960_08_23_leica_0242_017.jpg\" data-large-file=\"https:\/\/muzeusm.ro\/wp-content\/uploads\/2024\/08\/1960_08_23_leica_0242_017.jpg\" data-id=\"15077\" src=\"https:\/\/muzeusm.ro\/wp-content\/uploads\/2024\/08\/1960_08_23_leica_0242_017.jpg\" alt=\"\" class=\"wp-image-15077\"\/><\/figure>\n\n\n\n<figure class=\"wp-block-image size-large\"><img loading=\"lazy\" decoding=\"async\" width=\"1024\" height=\"647\" data-attachment-id=\"15078\" data-permalink=\"https:\/\/muzeusm.ro\/en\/23-august-1944-80-de-ani\/1960_08_23_leica_0242_007\/\" data-orig-file=\"https:\/\/muzeusm.ro\/wp-content\/uploads\/2024\/08\/1960_08_23_leica_0242_007-scaled.jpg\" data-orig-size=\"2560,1618\" data-comments-opened=\"1\" data-image-meta=\"{&quot;aperture&quot;:&quot;0&quot;,&quot;credit&quot;:&quot;&quot;,&quot;camera&quot;:&quot;&quot;,&quot;caption&quot;:&quot;&quot;,&quot;created_timestamp&quot;:&quot;0&quot;,&quot;copyright&quot;:&quot;&quot;,&quot;focal_length&quot;:&quot;0&quot;,&quot;iso&quot;:&quot;0&quot;,&quot;shutter_speed&quot;:&quot;0&quot;,&quot;title&quot;:&quot;&quot;,&quot;orientation&quot;:&quot;1&quot;}\" data-image-title=\"1960_08_23_leica_0242_007\" data-image-description=\"\" data-image-caption=\"\" data-medium-file=\"https:\/\/muzeusm.ro\/wp-content\/uploads\/2024\/08\/1960_08_23_leica_0242_007-300x190.jpg\" data-large-file=\"https:\/\/muzeusm.ro\/wp-content\/uploads\/2024\/08\/1960_08_23_leica_0242_007-1024x647.jpg\" data-id=\"15078\" src=\"https:\/\/muzeusm.ro\/wp-content\/uploads\/2024\/08\/1960_08_23_leica_0242_007-1024x647.jpg\" alt=\"\" class=\"wp-image-15078\" srcset=\"https:\/\/muzeusm.ro\/wp-content\/uploads\/2024\/08\/1960_08_23_leica_0242_007-1024x647.jpg 1024w, https:\/\/muzeusm.ro\/wp-content\/uploads\/2024\/08\/1960_08_23_leica_0242_007-300x190.jpg 300w, https:\/\/muzeusm.ro\/wp-content\/uploads\/2024\/08\/1960_08_23_leica_0242_007-768x485.jpg 768w, https:\/\/muzeusm.ro\/wp-content\/uploads\/2024\/08\/1960_08_23_leica_0242_007-1536x971.jpg 1536w, https:\/\/muzeusm.ro\/wp-content\/uploads\/2024\/08\/1960_08_23_leica_0242_007-2048x1294.jpg 2048w, https:\/\/muzeusm.ro\/wp-content\/uploads\/2024\/08\/1960_08_23_leica_0242_007-1568x991.jpg 1568w\" sizes=\"auto, (max-width: 1024px) 100vw, 1024px\" \/><\/figure>\n\n\n\n<figure class=\"wp-block-image size-large\"><img decoding=\"async\" data-attachment-id=\"15079\" data-permalink=\"https:\/\/muzeusm.ro\/en\/23-august-1944-80-de-ani\/1960_08_23_leica_0242_008\/\" data-orig-file=\"https:\/\/muzeusm.ro\/wp-content\/uploads\/2024\/08\/1960_08_23_leica_0242_008.jpg\" data-orig-size=\"\" data-comments-opened=\"1\" data-image-meta=\"[]\" data-image-title=\"1960_08_23_leica_0242_008\" data-image-description=\"\" data-image-caption=\"\" data-medium-file=\"https:\/\/muzeusm.ro\/wp-content\/uploads\/2024\/08\/1960_08_23_leica_0242_008.jpg\" data-large-file=\"https:\/\/muzeusm.ro\/wp-content\/uploads\/2024\/08\/1960_08_23_leica_0242_008.jpg\" data-id=\"15079\" src=\"https:\/\/muzeusm.ro\/wp-content\/uploads\/2024\/08\/1960_08_23_leica_0242_008.jpg\" alt=\"\" class=\"wp-image-15079\"\/><\/figure>\n\n\n\n<figure class=\"wp-block-image size-large\"><img decoding=\"async\" data-attachment-id=\"15080\" data-permalink=\"https:\/\/muzeusm.ro\/en\/23-august-1944-80-de-ani\/1960_08_23_leica_0242_009\/\" data-orig-file=\"https:\/\/muzeusm.ro\/wp-content\/uploads\/2024\/08\/1960_08_23_leica_0242_009.jpg\" data-orig-size=\"\" data-comments-opened=\"1\" data-image-meta=\"[]\" data-image-title=\"1960_08_23_leica_0242_009\" data-image-description=\"\" data-image-caption=\"\" data-medium-file=\"https:\/\/muzeusm.ro\/wp-content\/uploads\/2024\/08\/1960_08_23_leica_0242_009.jpg\" data-large-file=\"https:\/\/muzeusm.ro\/wp-content\/uploads\/2024\/08\/1960_08_23_leica_0242_009.jpg\" data-id=\"15080\" src=\"https:\/\/muzeusm.ro\/wp-content\/uploads\/2024\/08\/1960_08_23_leica_0242_009.jpg\" alt=\"\" class=\"wp-image-15080\"\/><\/figure>\n\n\n\n<figure class=\"wp-block-image size-large\"><img loading=\"lazy\" decoding=\"async\" width=\"2560\" height=\"1614\" data-attachment-id=\"15081\" data-permalink=\"https:\/\/muzeusm.ro\/en\/23-august-1944-80-de-ani\/1960_08_23_leica_0242_011\/\" data-orig-file=\"https:\/\/muzeusm.ro\/wp-content\/uploads\/2024\/08\/1960_08_23_leica_0242_011-scaled.jpg\" data-orig-size=\"2560,1614\" data-comments-opened=\"1\" data-image-meta=\"{&quot;aperture&quot;:&quot;0&quot;,&quot;credit&quot;:&quot;&quot;,&quot;camera&quot;:&quot;&quot;,&quot;caption&quot;:&quot;&quot;,&quot;created_timestamp&quot;:&quot;0&quot;,&quot;copyright&quot;:&quot;&quot;,&quot;focal_length&quot;:&quot;0&quot;,&quot;iso&quot;:&quot;0&quot;,&quot;shutter_speed&quot;:&quot;0&quot;,&quot;title&quot;:&quot;&quot;,&quot;orientation&quot;:&quot;1&quot;}\" data-image-title=\"1960_08_23_leica_0242_011\" data-image-description=\"\" data-image-caption=\"\" data-medium-file=\"https:\/\/muzeusm.ro\/wp-content\/uploads\/2024\/08\/1960_08_23_leica_0242_011-scaled.jpg\" data-large-file=\"https:\/\/muzeusm.ro\/wp-content\/uploads\/2024\/08\/1960_08_23_leica_0242_011-scaled.jpg\" data-id=\"15081\" src=\"https:\/\/muzeusm.ro\/wp-content\/uploads\/2024\/08\/1960_08_23_leica_0242_011-scaled.jpg\" alt=\"\" class=\"wp-image-15081\"\/><\/figure>\n\n\n\n<figure class=\"wp-block-image size-large\"><img loading=\"lazy\" decoding=\"async\" width=\"1645\" height=\"2560\" data-attachment-id=\"15082\" data-permalink=\"https:\/\/muzeusm.ro\/en\/23-august-1944-80-de-ani\/1960_08_23_leica_0242_006\/\" data-orig-file=\"https:\/\/muzeusm.ro\/wp-content\/uploads\/2024\/08\/1960_08_23_leica_0242_006-scaled.jpg\" data-orig-size=\"1645,2560\" data-comments-opened=\"1\" data-image-meta=\"{&quot;aperture&quot;:&quot;0&quot;,&quot;credit&quot;:&quot;&quot;,&quot;camera&quot;:&quot;&quot;,&quot;caption&quot;:&quot;&quot;,&quot;created_timestamp&quot;:&quot;0&quot;,&quot;copyright&quot;:&quot;&quot;,&quot;focal_length&quot;:&quot;0&quot;,&quot;iso&quot;:&quot;0&quot;,&quot;shutter_speed&quot;:&quot;0&quot;,&quot;title&quot;:&quot;&quot;,&quot;orientation&quot;:&quot;0&quot;}\" data-image-title=\"1960_08_23_leica_0242_006\" data-image-description=\"\" data-image-caption=\"\" data-medium-file=\"https:\/\/muzeusm.ro\/wp-content\/uploads\/2024\/08\/1960_08_23_leica_0242_006-scaled.jpg\" data-large-file=\"https:\/\/muzeusm.ro\/wp-content\/uploads\/2024\/08\/1960_08_23_leica_0242_006-scaled.jpg\" data-id=\"15082\" src=\"https:\/\/muzeusm.ro\/wp-content\/uploads\/2024\/08\/1960_08_23_leica_0242_006-scaled.jpg\" alt=\"\" class=\"wp-image-15082\"\/><\/figure>\n\n\n\n<figure class=\"wp-block-image size-large\"><img loading=\"lazy\" decoding=\"async\" width=\"1645\" height=\"2560\" data-attachment-id=\"15083\" data-permalink=\"https:\/\/muzeusm.ro\/en\/23-august-1944-80-de-ani\/1960_08_23_leica_0242_003\/\" data-orig-file=\"https:\/\/muzeusm.ro\/wp-content\/uploads\/2024\/08\/1960_08_23_leica_0242_003-scaled.jpg\" data-orig-size=\"1645,2560\" data-comments-opened=\"1\" data-image-meta=\"{&quot;aperture&quot;:&quot;0&quot;,&quot;credit&quot;:&quot;&quot;,&quot;camera&quot;:&quot;&quot;,&quot;caption&quot;:&quot;&quot;,&quot;created_timestamp&quot;:&quot;0&quot;,&quot;copyright&quot;:&quot;&quot;,&quot;focal_length&quot;:&quot;0&quot;,&quot;iso&quot;:&quot;0&quot;,&quot;shutter_speed&quot;:&quot;0&quot;,&quot;title&quot;:&quot;&quot;,&quot;orientation&quot;:&quot;0&quot;}\" data-image-title=\"1960_08_23_leica_0242_003\" data-image-description=\"\" data-image-caption=\"\" data-medium-file=\"https:\/\/muzeusm.ro\/wp-content\/uploads\/2024\/08\/1960_08_23_leica_0242_003-scaled.jpg\" data-large-file=\"https:\/\/muzeusm.ro\/wp-content\/uploads\/2024\/08\/1960_08_23_leica_0242_003-scaled.jpg\" data-id=\"15083\" src=\"https:\/\/muzeusm.ro\/wp-content\/uploads\/2024\/08\/1960_08_23_leica_0242_003-scaled.jpg\" alt=\"\" class=\"wp-image-15083\"\/><\/figure>\n<\/figure>\n\n\n\n<p>23 AUGUST 1944 \u2013 23 AUGUST 2024 \u2013 80 DE ANI<\/p>\n\n\n\n<p>Imagini ale defil\u0103rilor din jude\u021bele Satu Mare \u0219i Maramure\u0219<\/p>\n\n\n\n<p>&#8211; ZIUA DE 23 AUGUST A FOST ADOPTAT\u0102 DREPT S\u0102RB\u0102TOARE DE STAT \u00ceN ANUL 1944, PURT\u00c2ND INI\u021aIAL NUMELE DE \u201dZIUA INSUREC\u021aIEI ARMATE ANTIFASCISTE\u201d, \u201d\u00ceNCEPUTUL REVOLU\u021aIEI POPULARE din ROM\u00c2NIA\u201d, marc\u00e2nd ziua \u00een care Rom\u00e2nia a \u00eentors armele \u00eempotriva Germaniei naziste \u015fi s-a al\u0103turat Coali\u0163iei Na\u0163iunilor, dar \u0219i arestarea guvernului condus de mare\u0219alul Ion Antonescu.<\/p>\n\n\n\n<p>&#8211; Multiplele <a><\/a>conota\u021bii ale acestui eveniment istoric crucial \u00een istoria \u021b\u0103rii noastre (\u0219i nu numai), constituie p\u00e2n\u0103 \u00een contemporaneitate cadrul unor dezbateri, analize retrospective, cercet\u0103ri, opinii controversate, publica\u021bii sau m\u0103rturii orale ce, cumulate, fie converg, fie disjung spre concluzii pro sau contra, dintre care eviden\u021biez: insurec\u021bia militar\u0103 ce a scurtat ce-l de-al Doilea R\u0103zboi Mondial cu cel pu\u0163in \u015fase luni, salv\u00e2nd astfel vie\u0163ile a sute de mii de persoane, lovitur\u0103 de stat, \u00eencetarea guvern\u0103rii Antonescu (\u00een decursul c\u0103reia armata rom\u00e2n\u0103 se aliase cu Germania nazist\u0103), decizii diplomatice orchestrate de Na\u021biunile Unite \u0219i puse \u00een practic\u0103 de Regele Mihai, readucerea Transilvaniei de Nord \u00een grani\u0163ele \u0163\u0103rii, dar \u0219i \u00eenceputul unui regim politic ce a instaurat socialismul \u0219i comunismul \u00een Rom\u00e2nia, sub coercitiva dictatur\u0103 sovietic\u0103.<\/p>\n\n\n\n<p>&#8211; 23 august a devenit Ziua Na\u021bional\u0103 a Rom\u00e2niei \u00eentre anii 1948 \u2013 1989, ini\u021bial (sub presiunea prezen\u021bei armatei sovietice pe teritoriul Rom\u00e2niei) s\u0103rb\u0103torindu-se \u201eziua eliber\u0103rii Rom\u00e2niei de c\u0103tre glorioasa armata sovietic\u0103 \u015fi a dobor\u00e2rii dictaturii fasciste antonesciene de c\u0103tre for\u021bele patriotice conduse de Partidul Comunist&#8221;.<\/p>\n\n\n\n<p>&#8211; Treptat, \u00een special dup\u0103 ce pre\u0219edintele Nicolae Ceau\u0219escu \u00ee\u0219i consolidase puterea, semnifica\u0163ia zilei s-a pierdut, &#8220;insurec\u0163ia armat\u0103 antifascist\u0103&#8221; devenind &#8220;revolu\u0163ia de eliberare na\u0163ional\u0103 \u015fi social\u0103, antifascist\u0103 \u015fi antiimperialist\u0103&#8221;, actul istoric de la 23 august fiind prezentat ca o realizare exclusiv\u0103 a Partidului Comunist Rom\u00e2n, iar s\u0103rb\u0103toarea din 23 august fiind acaparat\u0103 \u00een totalitate de comuni\u015fti, pentru a marca cu fast &#8220;prop\u0103\u015firea comunismului&#8221; \u015fi &#8220;idealurile muncitore\u015fti&#8221; ale poporului rom\u00e2n, dar \u015fi pentru a omagia &#8220;conduc\u0103torii iubi\u0163i&#8221;.<\/p>\n\n\n\n<p>&#8211; Data de 23 august a fost ulterior asociat\u0103 cu Ziua na\u0163ional\u0103 a Rom\u00e2niei comuniste, fiind organizate an de an manifest\u0103ri sociale de amploare.<\/p>\n\n\n\n<p>&#8211; Actul de la 23 august 1944 a fost \u00eens\u0103 s\u0103rb\u0103torit chiar din anul urm\u0103tor, fapt reflecat \u00een presa vremii, amintind aici ziarul &#8220;Democratul&#8221;, ce prezenta modul de organizare a s\u0103rb\u0103torii: \u201dmunca c\u00e2mpului, munca din ateliere, magazine, fabrici \u015fi birouri va fi suspendat\u0103. \u00cen fiecare sat, al\u0103turi de steagul Rom\u00e2niei democrate, casele vor fi \u00eempodobite cu steagul ro\u015fu, simbolul libert\u0103\u0163ii. \u00ceN TOATE BISERICILE SE VA OFICIA TE-DEUM, care va fi urmat de manifesta\u0163ii populare \u015fi petreceri organizate \u00een comun pentru toate neamurile conlocuitoare&#8221;.<\/p>\n\n\n\n<p>&#8211; Observ\u0103m c\u0103 acest \u201dtipar\u201d organizatoric s-a p\u0103strat pe parcursul celor 44 de ani \u00een care s-a s\u0103rb\u0103torit ziua de 23 august, dar, a\u0219a cum se \u0219tie, \u00een \u201dEpoca de Aur\u201d s-a transformat tot mai evident \u00eentr-o manifestare de prosl\u0103vire a partidului unic, dar mai ales a cuplului conduc\u0103tor, Nicolae \u0219i Elena Ceau\u0219escu. DIN CEREMONIALUL INI\u021aIAL A FOST EXCLUS\u0102 CU DES\u0102V\u00c2R\u0218IRE BISERICA.<\/p>\n\n\n\n<p>&#8211; Trebuie s\u0103 preciz\u0103m c\u0103 prima aniversare a zilei de 23 august, cea din 1945, a stat sub semnul grevei regale, Regele Mihai \u015fi prim &#8211; ministrul Petru Groza boicot\u00e2ndu-se reciproc, \u00een condi\u021biile \u00een care Regele ceruse demisia cabinetului, iar Groza refuzase, fapt nemai\u00eent\u00e2lnit p\u00e2n\u0103 atunci \u00een istoria monarhiei rom\u00e2ne.<\/p>\n\n\n\n<p>&#8211; Revenind la perioada comunismului, \u00een fiecare an, ziua de 23 august a fost marcat\u0103 prin parade fastuoase, demonstra\u0163ii ale Armatei, oamenilor muncii, materiale de propagand\u0103, c\u00e2ntece pioniere\u015fti, mar\u015furi militare sau spectacole omagiale. Preg\u0103tite cu c\u00e2teva luni \u00eenainte, activit\u0103\u0163ile dedicate s\u0103rb\u0103torii s-au transformat \u00eentr-un omagiu adus \u201dconduc\u0103torului mult iubit\u201d, Nicolae Ceau\u015fescu.<\/p>\n\n\n\n<p>&#8211; Exacerbarea s\u0103rb\u0103torii \u00een \u201depoca de aur\u201d s-a manifestat \u00een special prin defil\u0103rile grandioase ce se organizau anual de c\u0103tre organele de partid \u0219i de stat, la care erau obliga\u021bi s\u0103 participe militarii, g\u0103rzile patriotice, oamenii muncii, sco\u0219i din produc\u021bie, angaja\u021bii din institu\u021bii, arti\u0219ti, instructori culturali, ansambluri folclorice, deta\u0219amentele de elevi PTAP (Preg\u0103tirea Tineretului pentru Ap\u0103rarea Patriei), studen\u021bi, pionieri, \u015foimii patriei.<\/p>\n\n\n\n<p>&#8211; Erau trasate \u201dsarcini de partid \u201d pentru realizarea unor adev\u0103rate regii \u0219i scenarii, care alegorice, dansuri tematice, costume speciale purtate de tineri sau sportivi, coloanele de defilare fiind alc\u0103tuite inclusiv din muncitorii \u00eentreprinderilor din ora\u015f \u0219i angaja\u021bii din diferite sectoare de activitate, purt\u00e2nd tablouri cu portretele \u201dconduc\u0103torilor iubi\u021bi\u201d Nicolae \u015fi Elena Ceau\u015fescu, pancarte cu diferite lozinci, steaguri ro\u015fii \u015fi tricolore, e\u015farfe \u0219i flori.<\/p>\n\n\n\n<p>&#8211; Lor li se ad\u0103ugau corurilor reunite ale cadrelor din \u00eenv\u0103\u0163\u0103m\u00e2nt, veteranilor de r\u0103zboi, \u00eentreprinderilor din ora\u015f, recitalurile grupurilor vocale, soli\u0219ti de muzic\u0103 popular\u0103 etc.<\/p>\n\n\n\n<p>&#8211; Preg\u0103tirile pentru defilare \u00eencepeau cu multe luni \u00eenainte, \u00eentotdeauna printr-o \u0219edin\u021b\u0103 mare ce avea loc la \u201djude\u021beana de partid\u201d, unde erau convoca\u021bi pre\u0219edin\u021bii BOB (biroul organiza\u021biei de baz\u0103 al PCR), responsabilii cu probleme de propagand\u0103, primarii, directorii de institu\u021bii, ai unit\u0103\u021bilor de \u00eenv\u0103\u021b\u0103m\u00e2nt, secretari UTC etc. Apoi, ace\u0219tia transmiteau \u00een teritoriu \u201dsarcinile de partid\u201d, av\u00e2nd obliga\u021bia de a organiza \u00een detaliu \u00eentreaga defilare. Din data de 1 august \u00eencepeau repeti\u021biile, astfel \u00eenc\u00e2t pasul de defilare s\u0103 fie c\u00e2t mai uniform, iar momentul trecerii prin fa\u021ba tribunei oficiale s\u0103 fie perfect! Exista o real\u0103 competi\u021bie \u00eentre fabricile \u0219i \u00eentreprinderile ce defilau, fiecare \u00eencerc\u00e2nd s\u0103 se remarce fie prin costuma\u021bie, fie prin pancartele ce le purtau, fie prin defilarea exemplar\u0103!<\/p>\n\n\n\n<p>&#8211; \u00cen mentalul colectiv, semnifica\u021bia acestor defil\u0103ri se p\u0103streaz\u0103 \u0219i este valorizat\u0103 \u00een raport cu v\u00e2rsta \u0219i func\u021bia persoanelor implicate. \u00cen marea lor majoritate, cei care au participat la defil\u0103ri, se afl\u0103 azi la v\u00e2rsta senectu\u021bii, deci acei ani sunt privi\u021bi cu nostalgia amintirilor tinere\u021bii trecute&#8230; Iat\u0103 c\u00e2teva m\u0103rturii orale: \u201dera foarte frumos, eram tineri, defilam iar apoi eram liberi \u0219i mergeam la bere \u0219i mici&#8230;\u201d. \u201dEram tineri, f\u0103r\u0103 prea multe griji \u015fi \u00eencet-\u00eencet ne-am obi\u015fnuit cu astfel de manifest\u0103ri propagandistice. La un moment dat, chiar \u00eencepuse s\u0103 ne plac\u0103. Era o distrac\u0163ie general\u0103\u201d. \u00cen ora\u0219ul Satu Mare, dup\u0103 defilare, oamenii mergeau la \u0218trand, ziua de 23 august transform\u00e2ndu-se \u00eentr-o serbare c\u00e2mpeneasc\u0103, augmentat\u0103 cu bere, mici \u0219i voie bun\u0103!<\/p>\n\n\n\n<p>&#8211; Cei ce de\u021bineau func\u021bii de conducere \u0219i responsabilitatea preg\u0103tirii oamenilor pentru defilare, aveau mari emo\u021bii \u201dpentru ca totul s\u0103 ias\u0103 foarte bine\u201d! \u00cen caz contrar, se aflau \u00een pericolul de a-\u0219i pierde locul de munc\u0103! \u201dO s\u0103 me cheme la partid \u0219i o s\u0103 m\u0103 dea afar\u0103\u201d!<\/p>\n\n\n\n<p>&#8211; \u00cen 23 august, ora\u0219ul Satu Mare, ca de altfel toate localit\u0103\u021bile din \u021bar\u0103, era \u00een straie de s\u0103rb\u0103toare.\u201cToat\u0103 lumea trebuia s\u0103 participe cu trup \u015fi suflet la aceste manifest\u0103ri\u201d, \u00ee\u015fi aminte\u015fte un pensionar, fost activist al Partidului Comunist Rom\u00e2n. Toate str\u0103zile importante din ora\u015f, \u00een special zonele din centru, erau preg\u0103tite cu c\u00e2teva zile \u00eenainte: \u201dsp\u0103late, cur\u0103\u0163ate de gunoaie, se plantau flori proaspete \u00een spa\u0163iile verzi \u015fi se d\u0103deau indica\u0163ii oamenilor din zon\u0103: s\u0103 arboreze steaguri\u201d.<\/p>\n\n\n\n<p>\u00cen sate era obligatoriu ca oamenii s\u0103-\u0219i pun\u0103 steagul Republicii Socialiste Rom\u00e2nia la poart\u0103. Mai sunt \u0219i azi sate \u00een jude\u021bul Satu Mare unde oamenii fac la fel, spun\u00e2nd: \u201da fost mai bine atunci! Era ordine, disciplin\u0103, to\u021bi aveam case \u0219i servici! Azi e debandad\u0103!\u201d<\/p>\n\n\n\n<p>&#8211; De la repeti\u0163iile obositoare, pentru spectacolele mult \u00eendr\u0103gite de pre\u0219edintele Ceau\u015fescu, nimeni nu lipsea. \u201cNu aveai voie s\u0103 lipse\u015fti pentru c\u0103 imediat erai trecut pe lista \u201cneagr\u0103\u201d. Nu exista nicio scuz\u0103, toat\u0103 lumea trebuia s\u0103 fie prezent\u0103. Defil\u0103rile se preg\u0103teau cu mult\u0103 vreme \u00eenainte, se f\u0103ceau repeti\u0163ii plictisitoare \u015fi, uneori, ajungeam s\u0103 nu ne mai putem \u0163ine pe picioare din cauza c\u0103ldurii!\u201d.<\/p>\n\n\n\n<p>&#8211; La Satu Mare defilarea \u00eencepea chiar din fa\u021ba \u00centreprinderii 23 August, dar coloanele \u0219i carele alegorice se \u00eencolonau \u00een fa\u021ba G\u0103rii CFR, pe o distan\u021b\u0103 de cca. 1km. Tribuna oficial\u0103 era amenajat\u0103 \u00een centrul ora\u0219ului, \u00een fa\u021ba hotelului Dacia (simbolul arhitectural al ora\u0219ului, construit \u00een stil secession \u00eentre anii 1901-1902). Responsabilul cu munca organizatoric\u0103 \u00eentocmea ordinea \u00een care urmau s\u0103 defileze cei prezen\u021bi, iar fiecare secretar de partid din fabric\u0103 sau institu\u021bie se ocupa de a\u0219ezarea \u0219i ordonarea propriului grup \u00een coloan\u0103.<\/p>\n\n\n\n<p>&#8211; De la tribuna oficial\u0103, la megafon, erau citite numele fabricilor, institu\u021biilor, \u0219colilor, ansamblurilor folclorice etc. care defilau \u00een dreptul oficialit\u0103\u021bilor, scand\u00e2nd lozinci sau inton\u00e2nd c\u00e2ntece patriotice, muzic\u0103 popular\u0103 \u0219i c\u00e2ntece pioniere\u0219ti.<\/p>\n\n\n\n<p>&#8211; Fotografiile ce ilustreaz\u0103 acest articol fac parte din colec\u021biile Muzeului Jude\u021bean Satu Mare, reprezent\u00e2nd documente istorice, imagini ale defil\u0103rile din anii 1983, 1984 (an \u00een care s-a s\u0103rb\u0103torit cea de-a 40 aniversare a revolu\u021biei antifasciste, fapt reflectat \u0219i \u00een textele \u00eenscrise pe panourile \u0219i pancartele de propagand\u0103 ce apar \u00een fotografii). Iat\u0103, de atunci au trecut 40 de ani&#8230;<\/p>\n\n\n\n<p>&#8211; \u00cen tribuna oficial\u0103, \u00een centru, se afla tovar\u0103\u0219ul Ioan Fori\u0219 &#8211; prim secretar al Comitetului Jude\u021bean Satu Mare al Partidului Comunist Rom\u00e2n, al\u0103turi de membri ai Comitetului Central al PCR, \u201dtrimi\u0219i \u00een teritoriu\u201d de la Bucure\u0219ti, \u0219i de numero\u0219i al\u021bi activi\u0219ti de partid ce de\u021bineau diferite func\u021bii la nivel local sau jude\u021bean.<\/p>\n\n\n\n<p>&#8211; Dintre \u00eentreprinderile care au defilat, imaginile surprind:<\/p>\n\n\n\n<p>&#8211; \u00centreprinderea 23 August (fosta fabric\u0103 \u201dPrincz\u201d, numit\u0103 SAMUS, dup\u0103 anul 1990, azi Electrolux, cump\u0103rat\u0103 de un concern suedez).<\/p>\n\n\n\n<p>&#8211; \u00centreprinderea de vagoane, construc\u021bii de ma\u0219ini \u0219i utilaje metalurgice UNIO (cea mai mare \u00eentreprindere s\u0103tm\u0103rean\u0103 din anii comunismului, ce avea sec\u021bii \u0219i \u00een jud. Maramure\u0219, la Baia Mare, asigur\u00e2nd chiar \u0219i c\u00e2te 8000 de locuri de munc\u0103, ce azi nu mai exist\u0103!).<\/p>\n\n\n\n<p>&#8211; IPL \u2013 \u00centreprinderea de prelucrare a lemnului (azi nu mai exist\u0103!)<\/p>\n\n\n\n<p>&#8211; Fabrica de confec\u021bii \u201dMondiala\u201d (azi nu mai exist\u0103!)<\/p>\n\n\n\n<p>&#8211; \u00centreprinderea \u201dTricotex\u201d (azi nu mai exist\u0103!)<\/p>\n\n\n\n<p>&#8211; Fabrica \u201dSolidaritatea\u201d (azi nu mai exist\u0103!)<\/p>\n\n\n\n<p>&#8211; IMPP \u2013 \u00centreprinderea de mor\u0103rit \u0219i panifica\u021bie Satu Mare (azi nu mai exist\u0103!)<\/p>\n\n\n\n<p>&#8211; IPSUIC Satu Mare \u2013 \u00centreprinderea de piese de schimb \u0219i utilaje pentru industria chimic\u0103 (azi nu mai exist\u0103!)<\/p>\n\n\n\n<p>&#8211; IIL \u2013 \u00centreprinderea de industrializare a laptelui Satu Mare (azi nu mai exist\u0103!)<\/p>\n\n\n\n<p>&#8211; \u00centreprinderea de bere (azi nu mai exist\u0103!)<\/p>\n\n\n\n<p>&#8211; IJPIPS &#8211; \u00centreprinderea de Produc\u0163ie Industrial\u0103 \u015fi Prest\u0103ri Servicii (azi nu mai exist\u0103!)<\/p>\n\n\n\n<p>&#8211; \u00centreprinderea de piele \u201dDrum nou\u201d Satu Mare (azi nu mai exist\u0103!)<\/p>\n\n\n\n<p>&#8211; \u00centreprinderea Textil\u0103 \u201dArdeleana\u201d (azi nu mai exist\u0103!)<\/p>\n\n\n\n<p>&#8211; \u00centreprinderea \u201dIntegrata\u201d de in \u0219i c\u00e2nep\u0103 Negre\u0219ti (azi nu mai exist\u0103!)<\/p>\n\n\n\n<p>&#8211; Filatura de bumbac din Carei (azi nu mai exist\u0103!)<\/p>\n\n\n\n<p>&#8211; \u00centreprinderea de sticl\u0103rie \u201dVictoria Muncii\u201d din Poiana Codrului (azi nu mai exist\u0103!)<\/p>\n\n\n\n<p>&#8211; \u00centreprinderea \u201dArdealul\u201d din Carei, producea uleiuri comestibile, singura ce func\u021bioneaz\u0103 \u0219i azi.<\/p>\n\n\n\n<p>Zeci de mii de locuri de munc\u0103, ce azi nu mai exist\u0103!<\/p>\n\n\n\n<p>&#8211; Tot din documentele imagistice afl\u0103m \u0219i LOZINCILE SCANDATE, inscrip\u021bionate pe pancarte \u0219i panouri de propagand\u0103:<\/p>\n\n\n\n<p>&#8211; Tr\u0103iasc\u0103 23 august \u2013 ziua eliber\u0103rii patriei de sub jugul fascist!<\/p>\n\n\n\n<p>&#8211; Tr\u0103iasc\u0103 23 august- s\u0103rb\u0103toarea na\u021bional\u0103 a poporului rom\u00e2n!<\/p>\n\n\n\n<p>&#8211; Tr\u0103iasc\u0103 Partidul Comunist Rom\u00e2n \u00een frunte cu secretarul s\u0103u general, tovar\u0103\u0219ul Nicolae Ceau\u0219escu!<\/p>\n\n\n\n<p>&#8211; Stima noastr\u0103 \u0219i m\u00e2ndria, Ceau\u0219escu \u2013 Rom\u00e2nia!<\/p>\n\n\n\n<p>&#8211; S\u0103 triumfe cauza socialismului, a progresului, independen\u021bei \u0219i p\u0103cii \u00een \u00eentreaga lume!<\/p>\n\n\n\n<p>&#8211; Poporul, Ceau\u0219escu, Rom\u00e2nia!<\/p>\n\n\n\n<p>&#8211; Tot \u00eenainte! \u2013 deviza pionierilor.<\/p>\n\n\n\n<p>&#8211; Al\u0103turi de imaginile defil\u0103rilor din municipiul Satu Mare am selectat \u0219i c\u00e2teva fotografii de la defil\u0103rile din ora\u0219ul Baia Mare, realizate de celebrul artist \u2013 fotograf Ioni\u021b\u0103 G. Andron, \u00een anul 1960.<\/p>\n\n\n\n<p>&#8211; Fotografiile defil\u0103rilor din anii 1983, 1984 au fost f\u0103cute de fostul nostru coleg Mircea Zelea.<\/p>\n\n\n\n<p>&#8211; Personal, fiind angajata Muzeului Jude\u021bean Satu Mare din anul 1986, am participat \u0219i eu la defil\u0103ri, al\u0103turi de fo\u0219tii mei colegii. De altfel, \u00een acea epoc\u0103 aveam dou\u0103 mari obliga\u021bii de serviciu: s\u0103 organiz\u0103m expozi\u021bia dedicat\u0103 zilei de na\u0219tere a tovar\u0103\u0219ului pre\u0219edinte Nicolae Ceau\u0219escu (26 ianuarie), \u0219i s\u0103 particip\u0103m la defilarea de 23 august, atunci Ziua Na\u021bional\u0103 a Rom\u00e2niei.<\/p>\n\n\n\n<p>&#8211; Cu certitudine, exist\u0103 multe persoane care, \u00een anii comunismului, au luat parte la defil\u0103rile din ziua de 23 august \u0219i care vor putea \u00eentregi tabloul s\u0103rb\u0103torii, cu alte informa\u021bii sau fotografii.<\/p>\n\n\n\n<p>&#8211; Acest articol face parte din lucrarea prezentat\u0103 \u00een cadrul conferin\u021bei cu tema \u201dActul de la 23 august. Mit \u0219i adev\u0103r\u201d, organizat\u0103 de Academia Rom\u00e2n\u0103, Institutul Na\u021bional pentru Studierea Totalitarismului.<\/p>\n\n\n\n<p>Dr. Daniela B\u0103lu \u2013 director Muzeul Jude\u021bean Satu Mare<\/p>\n\n\n\n<p>Diana Kinces \u2013 digitalizarea documentelor fotografice<\/p>\n","protected":false},"excerpt":{"rendered":"<p>23 AUGUST 1944 \u2013 23 AUGUST 2024 \u2013 80 DE ANI Imagini ale defil\u0103rilor din jude\u021bele Satu Mare \u0219i Maramure\u0219 &#8211; ZIUA DE 23 AUGUST A FOST ADOPTAT\u0102 DREPT S\u0102RB\u0102TOARE DE STAT \u00ceN ANUL 1944, PURT\u00c2ND INI\u021aIAL NUMELE DE \u201dZIUA INSUREC\u021aIEI ARMATE ANTIFASCISTE\u201d, \u201d\u00ceNCEPUTUL REVOLU\u021aIEI POPULARE din ROM\u00c2NIA\u201d, marc\u00e2nd ziua \u00een care Rom\u00e2nia a \u00eentors<a class=\"more-link\" href=\"https:\/\/muzeusm.ro\/en\/23-august-1944-80-de-ani\/\">Continue reading <span class=\"screen-reader-text\">&#8220;23 August 1944 &#8211; 80 de ani&#8221;<\/span><\/a><\/p>\n","protected":false},"author":243833644,"featured_media":0,"comment_status":"open","ping_status":"open","sticky":false,"template":"","format":"standard","meta":{"_coblocks_attr":"","_coblocks_dimensions":"","_coblocks_responsive_height":"","_coblocks_accordion_ie_support":"","advanced_seo_description":"","jetpack_seo_html_title":"","jetpack_seo_noindex":false,"jetpack_post_was_ever_published":false,"_jetpack_newsletter_access":"","_jetpack_dont_email_post_to_subs":false,"_jetpack_newsletter_tier_id":0,"_jetpack_memberships_contains_paywalled_content":false,"_jetpack_memberships_contains_paid_content":false,"footnotes":"","jetpack_publicize_message":"","jetpack_publicize_feature_enabled":true,"jetpack_social_post_already_shared":true,"jetpack_social_options":{"image_generator_settings":{"template":"highway","default_image_id":0,"font":"","enabled":false},"version":2}},"categories":[57930],"tags":[],"class_list":["post-15035","post","type-post","status-publish","format-standard","hentry","category-fara-categorie","entry"],"translation":{"provider":"WPGlobus","version":"3.0.1","language":"en","enabled_languages":["ro","hu","en"],"languages":{"ro":{"title":true,"content":true,"excerpt":false},"hu":{"title":false,"content":false,"excerpt":false},"en":{"title":false,"content":false,"excerpt":false}}},"jetpack_publicize_connections":[],"jetpack_featured_media_url":"","jetpack_likes_enabled":true,"jetpack-related-posts":[{"id":15428,"url":"https:\/\/muzeusm.ro\/en\/armata-romana-in-campania-din-vest\/","url_meta":{"origin":15035,"position":0},"title":"Armata Rom\u00e2n\u0103 \u00een Campania de Vest","author":"Popdan Bradut","date":"21 October 2024","format":false,"excerpt":"{:ro} 80 de ani de la luptele din Transilvania, Ungaria \u0219i Cehoslovacia (1944-1945) Muzeul Militar Na\u021bional \u201eRegele Ferdinand I\u201d \u0219i Muzeul Jude\u021bean Satu Mare organizeaz\u0103 o expozi\u021bie dedicat\u0103 \u00eemplinirii a 80 de ani de la campania Armatei rom\u00e2ne din Vest \u00een timpul celui de-al Doilea R\u0103zboi Mondial (1944 \u2013 1945).\u2026","rel":"","context":"In &quot;actualitati&quot;","block_context":{"text":"actualitati","link":"https:\/\/muzeusm.ro\/en\/category\/actualitati\/"},"img":{"alt_text":"","src":"https:\/\/i0.wp.com\/muzeusm.ro\/wp-content\/uploads\/2024\/10\/AFIS-CAREI-A4-cu-vernisaj-300dpi-scaled.jpg?resize=350%2C200&ssl=1","width":350,"height":200,"srcset":"https:\/\/i0.wp.com\/muzeusm.ro\/wp-content\/uploads\/2024\/10\/AFIS-CAREI-A4-cu-vernisaj-300dpi-scaled.jpg?resize=350%2C200&ssl=1 1x, https:\/\/i0.wp.com\/muzeusm.ro\/wp-content\/uploads\/2024\/10\/AFIS-CAREI-A4-cu-vernisaj-300dpi-scaled.jpg?resize=525%2C300&ssl=1 1.5x, https:\/\/i0.wp.com\/muzeusm.ro\/wp-content\/uploads\/2024\/10\/AFIS-CAREI-A4-cu-vernisaj-300dpi-scaled.jpg?resize=700%2C400&ssl=1 2x, https:\/\/i0.wp.com\/muzeusm.ro\/wp-content\/uploads\/2024\/10\/AFIS-CAREI-A4-cu-vernisaj-300dpi-scaled.jpg?resize=1050%2C600&ssl=1 3x, https:\/\/i0.wp.com\/muzeusm.ro\/wp-content\/uploads\/2024\/10\/AFIS-CAREI-A4-cu-vernisaj-300dpi-scaled.jpg?resize=1400%2C800&ssl=1 4x"},"classes":[]},{"id":5087,"url":"https:\/\/muzeusm.ro\/en\/imagini-ale-defilarilor-din-23-august-in-judetele-satu-mare-si-maramures\/","url_meta":{"origin":15035,"position":1},"title":"Imagini ale defil\u0103rilor din 23 august, \u00een jude\u021bele Satu Mare \u0219i Maramure\u0219","author":"Andrei Mocan Mihai","date":"22 August 2019","format":false,"excerpt":"\u00a0 Ziua de\u00a023 augusta fost adoptat\u0103 drept s\u0103rb\u0103toare de stat \u00een anul 1944, purt\u00e2nd ini\u021bial numele de Ziua insurec\u021biei armate antifasciste, \u00eenceputul revolu\u021biei populare \u00een Rom\u00e2nia, marc\u00e2nd ziua \u00een care Rom\u00e2nia a \u00eentors armele \u00eempotriva Germaniei naziste \u015fi s-a al\u0103turat Coali\u0163iei Na\u0163iunilor, dar\u00a0\u0219i arestarea guvernului condus de\u00a0Ion Antonescu. 23 august\u2026","rel":"","context":"In &quot;actualitati&quot;","block_context":{"text":"actualitati","link":"https:\/\/muzeusm.ro\/en\/category\/actualitati\/"},"img":{"alt_text":"","src":"https:\/\/i0.wp.com\/www.muzeusm.ro\/wp-content\/uploads\/2019\/08\/1-300x232.jpg?resize=350%2C200","width":350,"height":200},"classes":[]},{"id":5486,"url":"https:\/\/muzeusm.ro\/en\/simpozion-eliberarea-ultimei-brazde-de-pamant-romanesc-75-de-ani\/","url_meta":{"origin":15035,"position":2},"title":"Simpozion &#8220;Eliberarea ultimei brazde de p\u0103m\u00e2nt rom\u00e2nesc&#8221; &#8211; 75 de ani","author":"Popdan Bradut","date":"23 October 2019","format":false,"excerpt":"25 octombrie este o zi cu semnifica\u021bie deosebit\u0103 pentru istoria Rom\u00e2niei. \u00cen anul 1944, \u00een acea zi, a fost eliberat\u0103 ultima regiune din Transilvania, regiunea Careiului, aflat\u0103 sub domina\u021bie fascist\u0103. Drept recuno\u0219tin\u021b\u0103 fa\u021b\u0103 de sacrificiul solda\u021bilor care au luat parte la aceast\u0103 ac\u021biune, \u00a025 octombrie este \u0219i Ziua Armatei Rom\u00e2ne.Pentru\u2026","rel":"","context":"In &quot;actualitati&quot;","block_context":{"text":"actualitati","link":"https:\/\/muzeusm.ro\/en\/category\/actualitati\/"},"img":{"alt_text":"","src":"https:\/\/i0.wp.com\/www.muzeusm.ro\/wp-content\/uploads\/2019\/10\/DSCN0008-300x225.jpg?resize=350%2C200","width":350,"height":200},"classes":[]},{"id":7595,"url":"https:\/\/muzeusm.ro\/en\/comemorare-80-de-ani-de-la-dictatul-de-la-viena\/","url_meta":{"origin":15035,"position":3},"title":"COMEMORARE \u2013 80 DE ANI DE LA DICTATUL DE LA VIENA","author":"Popdan Bradut","date":"26 August 2020","format":false,"excerpt":"La \u00eemplinirea a 80 de ani de la semnarea Dictatului de la Viena (30 august 1940), Asocia\u021bia rom\u00e2nilor\u00a0refugia\u021bi, expulza\u021bi \u0219i deporta\u021bi \u00een 1940, filiala Carei; \u00a0Asocia\u021bia Jude\u021bean\u0103 Satu Mare a Rom\u00e2nilor Refugia\u021bi, Expulza\u021bi \u0219i Deporta\u021bi \u00een urma Dictatului de la Viena din 30 august 1940, \u00een colaborare cu Muzeul Jude\u021bean\u2026","rel":"","context":"In &quot;actualitati&quot;","block_context":{"text":"actualitati","link":"https:\/\/muzeusm.ro\/en\/category\/actualitati\/"},"img":{"alt_text":"","src":"","width":0,"height":0},"classes":[]},{"id":5168,"url":"https:\/\/muzeusm.ro\/en\/expozitia-culturala-capitole-din-istoria-viticulturii-satmarene\/","url_meta":{"origin":15035,"position":4},"title":"Expozi\u0163ia cultural\u0103 &#8220;Capitole din istoria viticulturii s\u0103tm\u0103rene&#8221;.","author":"Andrei Mocan Mihai","date":"22 August 2019","format":false,"excerpt":"\u00a0 \u00a0 Vineri, 23 august 2019, de la ora 15, la Muzeul Jude\u0163ean Satu Mare va avea loc vernisajul expozi\u0163iei \"Capitole din istoria viticulturii s\u0103tm\u0103rene\". Expozi\u0163ia ne ofer\u0103 o privire de ansamblu \u00een trecutul podgoriilor istorice \u015fi \u00een lumea instrumentelor tradi\u0163ionale utilizate \u00een zon\u0103. Expozi\u0163ia este realizat\u0103 pe dou\u0103 teme\u2026","rel":"","context":"In &quot;actualitati&quot;","block_context":{"text":"actualitati","link":"https:\/\/muzeusm.ro\/en\/category\/actualitati\/"},"img":{"alt_text":"","src":"https:\/\/i0.wp.com\/www.muzeusm.ro\/wp-content\/uploads\/2019\/08\/Afis_Viticultura_mic-300x212.jpg?resize=350%2C200","width":350,"height":200},"classes":[]},{"id":148,"url":"https:\/\/muzeusm.ro\/en\/memorie-si-istorie\/","url_meta":{"origin":15035,"position":5},"title":"MEMORIE \u015eI ISTORIET\u00d6RT\u00c9NELEM \u00c9S EML\u00c9KEZETMEMORY AND HISTORY","author":"Gordan Csilla","date":"13 December 2013","format":false,"excerpt":"DEPORTAREA EVREILOR DIN JUDE\u0162UL SATU MARE Holocaustul reprezint\u0103 manifestarea extrem\u0103 a antisemitismului, concep\u0163ie prezent\u0103 mai mult sau mai pu\u0163in explicit \u00een Europa \u00eenc\u0103 din Evul Mediu. Sentimentul general de ostilitate \u00eempotriva evreilor, utilizat de ideologia nazist\u0103, se accentueaz\u0103 cu rapiditate \u00eencep\u00e2nd cu anii 30, prin acte de discriminare legislativ\u0103, \u015fi\u2026","rel":"","context":"Similar post","block_context":{"text":"Similar post","link":""},"img":{"alt_text":"","src":"","width":0,"height":0},"classes":[]}],"jetpack_sharing_enabled":true,"jetpack_shortlink":"https:\/\/wp.me\/pfvnyQ-3Uv","_links":{"self":[{"href":"https:\/\/muzeusm.ro\/en\/wp-json\/wp\/v2\/posts\/15035","targetHints":{"allow":["GET"]}}],"collection":[{"href":"https:\/\/muzeusm.ro\/en\/wp-json\/wp\/v2\/posts"}],"about":[{"href":"https:\/\/muzeusm.ro\/en\/wp-json\/wp\/v2\/types\/post"}],"author":[{"embeddable":true,"href":"https:\/\/muzeusm.ro\/en\/wp-json\/wp\/v2\/users\/243833644"}],"replies":[{"embeddable":true,"href":"https:\/\/muzeusm.ro\/en\/wp-json\/wp\/v2\/comments?post=15035"}],"version-history":[{"count":1,"href":"https:\/\/muzeusm.ro\/en\/wp-json\/wp\/v2\/posts\/15035\/revisions"}],"predecessor-version":[{"id":15084,"href":"https:\/\/muzeusm.ro\/en\/wp-json\/wp\/v2\/posts\/15035\/revisions\/15084"}],"wp:attachment":[{"href":"https:\/\/muzeusm.ro\/en\/wp-json\/wp\/v2\/media?parent=15035"}],"wp:term":[{"taxonomy":"category","embeddable":true,"href":"https:\/\/muzeusm.ro\/en\/wp-json\/wp\/v2\/categories?post=15035"},{"taxonomy":"post_tag","embeddable":true,"href":"https:\/\/muzeusm.ro\/en\/wp-json\/wp\/v2\/tags?post=15035"}],"curies":[{"name":"wp","href":"https:\/\/api.w.org\/{rel}","templated":true}]}}