{"id":15021,"date":"2024-08-14T13:08:49","date_gmt":"2024-08-14T10:08:49","guid":{"rendered":"https:\/\/muzeusm.ro\/?p=15021"},"modified":"2024-08-14T13:08:50","modified_gmt":"2024-08-14T10:08:50","slug":"aspecte-din-noua-expozitie-de-baza-a-muzeului-judetean-satu-mare","status":"publish","type":"post","link":"https:\/\/muzeusm.ro\/en\/aspecte-din-noua-expozitie-de-baza-a-muzeului-judetean-satu-mare\/","title":{"rendered":"Aspecte din noua expozi\u021bie de baz\u0103 a Muzeului Jude\u021bean Satu Mare"},"content":{"rendered":"\n<div class=\"wp-block-media-text has-media-on-the-right is-stacked-on-mobile\"><div class=\"wp-block-media-text__content\">\n<p>Printre numeroasele pove\u0219ti aduse o dat\u0103 cu redeschiderea muzeului s\u0103tm\u0103rean este aceea a unor obiecte mici, adesea rupte (fragmentate), descoperite \u00een a\u0219ez\u0103rile de la C\u0103ua\u0219, Pir, Andrid, Pi\u0219colt, Lazuri, Culciu Mic \u0219i Culciu Mare.<\/p>\n<\/div><figure class=\"wp-block-media-text__media\"><img loading=\"lazy\" decoding=\"async\" width=\"759\" height=\"537\" data-attachment-id=\"15022\" data-permalink=\"https:\/\/muzeusm.ro\/en\/aspecte-din-noua-expozitie-de-baza-a-muzeului-judetean-satu-mare\/picture1\/\" data-orig-file=\"https:\/\/muzeusm.ro\/wp-content\/uploads\/2024\/08\/Picture1.jpg\" data-orig-size=\"759,537\" data-comments-opened=\"1\" data-image-meta=\"{&quot;aperture&quot;:&quot;0&quot;,&quot;credit&quot;:&quot;&quot;,&quot;camera&quot;:&quot;&quot;,&quot;caption&quot;:&quot;&quot;,&quot;created_timestamp&quot;:&quot;0&quot;,&quot;copyright&quot;:&quot;&quot;,&quot;focal_length&quot;:&quot;0&quot;,&quot;iso&quot;:&quot;0&quot;,&quot;shutter_speed&quot;:&quot;0&quot;,&quot;title&quot;:&quot;&quot;,&quot;orientation&quot;:&quot;0&quot;}\" data-image-title=\"Picture1\" data-image-description=\"\" data-image-caption=\"\" data-medium-file=\"https:\/\/muzeusm.ro\/wp-content\/uploads\/2024\/08\/Picture1-300x212.jpg\" data-large-file=\"https:\/\/muzeusm.ro\/wp-content\/uploads\/2024\/08\/Picture1.jpg\" src=\"https:\/\/muzeusm.ro\/wp-content\/uploads\/2024\/08\/Picture1.jpg\" alt=\"\" class=\"wp-image-15022 size-full\" srcset=\"https:\/\/muzeusm.ro\/wp-content\/uploads\/2024\/08\/Picture1.jpg 759w, https:\/\/muzeusm.ro\/wp-content\/uploads\/2024\/08\/Picture1-300x212.jpg 300w\" sizes=\"auto, (max-width: 759px) 100vw, 759px\" \/><\/figure><\/div>\n\n\n\n<div class=\"wp-block-media-text is-stacked-on-mobile\"><figure class=\"wp-block-media-text__media\"><img loading=\"lazy\" decoding=\"async\" width=\"347\" height=\"292\" data-attachment-id=\"15026\" data-permalink=\"https:\/\/muzeusm.ro\/en\/aspecte-din-noua-expozitie-de-baza-a-muzeului-judetean-satu-mare\/picture6\/\" data-orig-file=\"https:\/\/muzeusm.ro\/wp-content\/uploads\/2024\/08\/Picture6.jpg\" data-orig-size=\"347,292\" data-comments-opened=\"1\" data-image-meta=\"{&quot;aperture&quot;:&quot;0&quot;,&quot;credit&quot;:&quot;&quot;,&quot;camera&quot;:&quot;&quot;,&quot;caption&quot;:&quot;&quot;,&quot;created_timestamp&quot;:&quot;0&quot;,&quot;copyright&quot;:&quot;&quot;,&quot;focal_length&quot;:&quot;0&quot;,&quot;iso&quot;:&quot;0&quot;,&quot;shutter_speed&quot;:&quot;0&quot;,&quot;title&quot;:&quot;&quot;,&quot;orientation&quot;:&quot;0&quot;}\" data-image-title=\"Picture6\" data-image-description=\"\" data-image-caption=\"\" data-medium-file=\"https:\/\/muzeusm.ro\/wp-content\/uploads\/2024\/08\/Picture6-300x252.jpg\" data-large-file=\"https:\/\/muzeusm.ro\/wp-content\/uploads\/2024\/08\/Picture6.jpg\" src=\"https:\/\/muzeusm.ro\/wp-content\/uploads\/2024\/08\/Picture6.jpg\" alt=\"\" class=\"wp-image-15026 size-full\" srcset=\"https:\/\/muzeusm.ro\/wp-content\/uploads\/2024\/08\/Picture6.jpg 347w, https:\/\/muzeusm.ro\/wp-content\/uploads\/2024\/08\/Picture6-300x252.jpg 300w\" sizes=\"auto, (max-width: 347px) 100vw, 347px\" \/><\/figure><div class=\"wp-block-media-text__content\">\n<p>Micile amulete \u0219i procesiunile \u00een care au fost purtate codific\u0103 repere simbolice rememorate de participan\u021bi \u00een cadrul unor procesiuni cu practici rituale menite s\u0103 reflecte Ordinea Social\u0103 \u0219i rela\u021bia complex\u0103 cu Puterile Divine.<\/p>\n<\/div><\/div>\n\n\n\n<div class=\"wp-block-media-text has-media-on-the-right is-stacked-on-mobile\"><div class=\"wp-block-media-text__content\">\n<p>Semnifica\u021bia lor, aparent obscur\u0103, se dezv\u0103luie atunci c\u00e2nd sunt puse \u00een leg\u0103tur\u0103 cu piese similare descoperite \u00een ofrandele descoperite la Batarci, Ceh\u0103lu\u021b, Ciume\u0219ti, Dom\u0103ne\u0219ti \u0219i Pir.<\/p>\n<\/div><figure class=\"wp-block-media-text__media\"><img loading=\"lazy\" decoding=\"async\" width=\"443\" height=\"295\" data-attachment-id=\"15023\" data-permalink=\"https:\/\/muzeusm.ro\/en\/aspecte-din-noua-expozitie-de-baza-a-muzeului-judetean-satu-mare\/picture2\/\" data-orig-file=\"https:\/\/muzeusm.ro\/wp-content\/uploads\/2024\/08\/Picture2.jpg\" data-orig-size=\"443,295\" data-comments-opened=\"1\" data-image-meta=\"{&quot;aperture&quot;:&quot;0&quot;,&quot;credit&quot;:&quot;&quot;,&quot;camera&quot;:&quot;&quot;,&quot;caption&quot;:&quot;&quot;,&quot;created_timestamp&quot;:&quot;0&quot;,&quot;copyright&quot;:&quot;&quot;,&quot;focal_length&quot;:&quot;0&quot;,&quot;iso&quot;:&quot;0&quot;,&quot;shutter_speed&quot;:&quot;0&quot;,&quot;title&quot;:&quot;&quot;,&quot;orientation&quot;:&quot;0&quot;}\" data-image-title=\"Picture2\" data-image-description=\"\" data-image-caption=\"\" data-medium-file=\"https:\/\/muzeusm.ro\/wp-content\/uploads\/2024\/08\/Picture2-300x200.jpg\" data-large-file=\"https:\/\/muzeusm.ro\/wp-content\/uploads\/2024\/08\/Picture2.jpg\" src=\"https:\/\/muzeusm.ro\/wp-content\/uploads\/2024\/08\/Picture2.jpg\" alt=\"\" class=\"wp-image-15023 size-full\" srcset=\"https:\/\/muzeusm.ro\/wp-content\/uploads\/2024\/08\/Picture2.jpg 443w, https:\/\/muzeusm.ro\/wp-content\/uploads\/2024\/08\/Picture2-300x200.jpg 300w\" sizes=\"auto, (max-width: 443px) 100vw, 443px\" \/><\/figure><\/div>\n\n\n\n<div class=\"wp-block-media-text is-stacked-on-mobile\"><figure class=\"wp-block-media-text__media\"><img loading=\"lazy\" decoding=\"async\" width=\"1024\" height=\"572\" data-attachment-id=\"15029\" data-permalink=\"https:\/\/muzeusm.ro\/en\/aspecte-din-noua-expozitie-de-baza-a-muzeului-judetean-satu-mare\/attachment\/33333\/\" data-orig-file=\"https:\/\/muzeusm.ro\/wp-content\/uploads\/2024\/08\/33333.png\" data-orig-size=\"1812,1012\" data-comments-opened=\"1\" data-image-meta=\"{&quot;aperture&quot;:&quot;0&quot;,&quot;credit&quot;:&quot;&quot;,&quot;camera&quot;:&quot;&quot;,&quot;caption&quot;:&quot;&quot;,&quot;created_timestamp&quot;:&quot;0&quot;,&quot;copyright&quot;:&quot;&quot;,&quot;focal_length&quot;:&quot;0&quot;,&quot;iso&quot;:&quot;0&quot;,&quot;shutter_speed&quot;:&quot;0&quot;,&quot;title&quot;:&quot;&quot;,&quot;orientation&quot;:&quot;0&quot;}\" data-image-title=\"33333\" data-image-description=\"\" data-image-caption=\"\" data-medium-file=\"https:\/\/muzeusm.ro\/wp-content\/uploads\/2024\/08\/33333-300x168.png\" data-large-file=\"https:\/\/muzeusm.ro\/wp-content\/uploads\/2024\/08\/33333-1024x572.png\" src=\"https:\/\/muzeusm.ro\/wp-content\/uploads\/2024\/08\/33333-1024x572.png\" alt=\"\" class=\"wp-image-15029 size-full\" srcset=\"https:\/\/muzeusm.ro\/wp-content\/uploads\/2024\/08\/33333-1024x572.png 1024w, https:\/\/muzeusm.ro\/wp-content\/uploads\/2024\/08\/33333-300x168.png 300w, https:\/\/muzeusm.ro\/wp-content\/uploads\/2024\/08\/33333-768x429.png 768w, https:\/\/muzeusm.ro\/wp-content\/uploads\/2024\/08\/33333-1536x858.png 1536w, https:\/\/muzeusm.ro\/wp-content\/uploads\/2024\/08\/33333-1568x876.png 1568w, https:\/\/muzeusm.ro\/wp-content\/uploads\/2024\/08\/33333.png 1812w\" sizes=\"auto, (max-width: 1024px) 100vw, 1024px\" \/><\/figure><div class=\"wp-block-media-text__content\">\n<p>Se eviden\u021biaz\u0103 c\u0103 aceste obiecte sunt amulete ce redau simboluri sacre utilizate pe parcursul mileniilor II \u0219i I a Chr.<\/p>\n<\/div><\/div>\n\n\n\n<div class=\"wp-block-media-text has-media-on-the-right is-stacked-on-mobile\"><div class=\"wp-block-media-text__content\">\n<p>Amuletele provin de la obiecte de podoab\u0103 complexe purtate \u00een cadrul unor ceremonii \u0219i procesiuni care implicau ruperea amuletelor, ca ofrande pentru Zei<\/p>\n<\/div><figure class=\"wp-block-media-text__media\"><img loading=\"lazy\" decoding=\"async\" width=\"724\" height=\"1024\" data-attachment-id=\"15030\" data-permalink=\"https:\/\/muzeusm.ro\/en\/aspecte-din-noua-expozitie-de-baza-a-muzeului-judetean-satu-mare\/attachment\/22222222222\/\" data-orig-file=\"https:\/\/muzeusm.ro\/wp-content\/uploads\/2024\/08\/22222222222.jpg\" data-orig-size=\"1138,1609\" data-comments-opened=\"1\" data-image-meta=\"{&quot;aperture&quot;:&quot;0&quot;,&quot;credit&quot;:&quot;&quot;,&quot;camera&quot;:&quot;&quot;,&quot;caption&quot;:&quot;&quot;,&quot;created_timestamp&quot;:&quot;0&quot;,&quot;copyright&quot;:&quot;&quot;,&quot;focal_length&quot;:&quot;0&quot;,&quot;iso&quot;:&quot;0&quot;,&quot;shutter_speed&quot;:&quot;0&quot;,&quot;title&quot;:&quot;&quot;,&quot;orientation&quot;:&quot;0&quot;}\" data-image-title=\"22222222222\" data-image-description=\"\" data-image-caption=\"\" data-medium-file=\"https:\/\/muzeusm.ro\/wp-content\/uploads\/2024\/08\/22222222222-212x300.jpg\" data-large-file=\"https:\/\/muzeusm.ro\/wp-content\/uploads\/2024\/08\/22222222222-724x1024.jpg\" src=\"https:\/\/muzeusm.ro\/wp-content\/uploads\/2024\/08\/22222222222-724x1024.jpg\" alt=\"\" class=\"wp-image-15030 size-full\" srcset=\"https:\/\/muzeusm.ro\/wp-content\/uploads\/2024\/08\/22222222222-724x1024.jpg 724w, https:\/\/muzeusm.ro\/wp-content\/uploads\/2024\/08\/22222222222-212x300.jpg 212w, https:\/\/muzeusm.ro\/wp-content\/uploads\/2024\/08\/22222222222-768x1086.jpg 768w, https:\/\/muzeusm.ro\/wp-content\/uploads\/2024\/08\/22222222222-1086x1536.jpg 1086w, https:\/\/muzeusm.ro\/wp-content\/uploads\/2024\/08\/22222222222.jpg 1138w\" sizes=\"auto, (max-width: 724px) 100vw, 724px\" \/><\/figure><\/div>\n\n\n\n<div class=\"wp-block-media-text is-stacked-on-mobile\"><figure class=\"wp-block-media-text__media\"><img loading=\"lazy\" decoding=\"async\" width=\"1024\" height=\"684\" data-attachment-id=\"15027\" data-permalink=\"https:\/\/muzeusm.ro\/en\/aspecte-din-noua-expozitie-de-baza-a-muzeului-judetean-satu-mare\/harangozo-ajak\/\" data-orig-file=\"https:\/\/muzeusm.ro\/wp-content\/uploads\/2024\/08\/harangozo-ajak.jpg\" data-orig-size=\"1534,1025\" data-comments-opened=\"1\" data-image-meta=\"{&quot;aperture&quot;:&quot;0&quot;,&quot;credit&quot;:&quot;&quot;,&quot;camera&quot;:&quot;&quot;,&quot;caption&quot;:&quot;&quot;,&quot;created_timestamp&quot;:&quot;0&quot;,&quot;copyright&quot;:&quot;&quot;,&quot;focal_length&quot;:&quot;0&quot;,&quot;iso&quot;:&quot;0&quot;,&quot;shutter_speed&quot;:&quot;0&quot;,&quot;title&quot;:&quot;&quot;,&quot;orientation&quot;:&quot;0&quot;}\" data-image-title=\"harangoz\u00f3-ajak\" data-image-description=\"\" data-image-caption=\"\" data-medium-file=\"https:\/\/muzeusm.ro\/wp-content\/uploads\/2024\/08\/harangozo-ajak-300x200.jpg\" data-large-file=\"https:\/\/muzeusm.ro\/wp-content\/uploads\/2024\/08\/harangozo-ajak-1024x684.jpg\" src=\"https:\/\/muzeusm.ro\/wp-content\/uploads\/2024\/08\/harangozo-ajak-1024x684.jpg\" alt=\"\" class=\"wp-image-15027 size-full\" srcset=\"https:\/\/muzeusm.ro\/wp-content\/uploads\/2024\/08\/harangozo-ajak-1024x684.jpg 1024w, https:\/\/muzeusm.ro\/wp-content\/uploads\/2024\/08\/harangozo-ajak-300x200.jpg 300w, https:\/\/muzeusm.ro\/wp-content\/uploads\/2024\/08\/harangozo-ajak-768x513.jpg 768w, https:\/\/muzeusm.ro\/wp-content\/uploads\/2024\/08\/harangozo-ajak.jpg 1534w\" sizes=\"auto, (max-width: 1024px) 100vw, 1024px\" \/><\/figure><div class=\"wp-block-media-text__content\">\n<p>Mileniile ce au trecut au \u0219ters urmele pa\u0219ilor care au dat na\u0219tere unor c\u0103i sacre pe care erau celebrate ceremonii grandioase. Mileniile ce au trecut au \u0219ters urmele pa\u0219ilor care au dat na\u0219tere unor c\u0103i sacre pe care erau celebrate ceremonii grandioase. Procesiune la m\u0103n\u0103stirea de la M\u00e1riap\u00f3cs.<\/p>\n<\/div><\/div>\n\n\n\n<div class=\"wp-block-media-text has-media-on-the-right is-stacked-on-mobile\"><div class=\"wp-block-media-text__content\">\n<p>Procesiune la Bixad (photo: Remus \u021aiplea)<br><\/p>\n<\/div><figure class=\"wp-block-media-text__media\"><img loading=\"lazy\" decoding=\"async\" width=\"1024\" height=\"768\" data-attachment-id=\"15031\" data-permalink=\"https:\/\/muzeusm.ro\/en\/aspecte-din-noua-expozitie-de-baza-a-muzeului-judetean-satu-mare\/procesiune-bixad-foto-remus-tiplea-2\/\" data-orig-file=\"https:\/\/muzeusm.ro\/wp-content\/uploads\/2024\/08\/Procesiune-Bixad-foto-Remus-Tiplea-1.jpeg\" data-orig-size=\"1080,810\" data-comments-opened=\"1\" data-image-meta=\"{&quot;aperture&quot;:&quot;0&quot;,&quot;credit&quot;:&quot;&quot;,&quot;camera&quot;:&quot;&quot;,&quot;caption&quot;:&quot;&quot;,&quot;created_timestamp&quot;:&quot;0&quot;,&quot;copyright&quot;:&quot;&quot;,&quot;focal_length&quot;:&quot;0&quot;,&quot;iso&quot;:&quot;0&quot;,&quot;shutter_speed&quot;:&quot;0&quot;,&quot;title&quot;:&quot;&quot;,&quot;orientation&quot;:&quot;0&quot;}\" data-image-title=\"Procesiune Bixad (foto Remus \u021aiplea)\" data-image-description=\"\" data-image-caption=\"\" data-medium-file=\"https:\/\/muzeusm.ro\/wp-content\/uploads\/2024\/08\/Procesiune-Bixad-foto-Remus-Tiplea-1-300x225.jpeg\" data-large-file=\"https:\/\/muzeusm.ro\/wp-content\/uploads\/2024\/08\/Procesiune-Bixad-foto-Remus-Tiplea-1-1024x768.jpeg\" src=\"https:\/\/muzeusm.ro\/wp-content\/uploads\/2024\/08\/Procesiune-Bixad-foto-Remus-Tiplea-1-1024x768.jpeg\" alt=\"\" class=\"wp-image-15031 size-full\" srcset=\"https:\/\/muzeusm.ro\/wp-content\/uploads\/2024\/08\/Procesiune-Bixad-foto-Remus-Tiplea-1-1024x768.jpeg 1024w, https:\/\/muzeusm.ro\/wp-content\/uploads\/2024\/08\/Procesiune-Bixad-foto-Remus-Tiplea-1-300x225.jpeg 300w, https:\/\/muzeusm.ro\/wp-content\/uploads\/2024\/08\/Procesiune-Bixad-foto-Remus-Tiplea-1-768x576.jpeg 768w, https:\/\/muzeusm.ro\/wp-content\/uploads\/2024\/08\/Procesiune-Bixad-foto-Remus-Tiplea-1.jpeg 1080w\" sizes=\"auto, (max-width: 1024px) 100vw, 1024px\" \/><\/figure><\/div>\n\n\n\n<div class=\"wp-block-media-text is-stacked-on-mobile\"><figure class=\"wp-block-media-text__media\"><img loading=\"lazy\" decoding=\"async\" width=\"322\" height=\"214\" data-attachment-id=\"15032\" data-permalink=\"https:\/\/muzeusm.ro\/en\/aspecte-din-noua-expozitie-de-baza-a-muzeului-judetean-satu-mare\/picture7\/\" data-orig-file=\"https:\/\/muzeusm.ro\/wp-content\/uploads\/2024\/08\/Picture7.jpg\" data-orig-size=\"322,214\" data-comments-opened=\"1\" data-image-meta=\"{&quot;aperture&quot;:&quot;0&quot;,&quot;credit&quot;:&quot;&quot;,&quot;camera&quot;:&quot;&quot;,&quot;caption&quot;:&quot;&quot;,&quot;created_timestamp&quot;:&quot;0&quot;,&quot;copyright&quot;:&quot;&quot;,&quot;focal_length&quot;:&quot;0&quot;,&quot;iso&quot;:&quot;0&quot;,&quot;shutter_speed&quot;:&quot;0&quot;,&quot;title&quot;:&quot;&quot;,&quot;orientation&quot;:&quot;0&quot;}\" data-image-title=\"Picture7\" data-image-description=\"\" data-image-caption=\"\" data-medium-file=\"https:\/\/muzeusm.ro\/wp-content\/uploads\/2024\/08\/Picture7-300x199.jpg\" data-large-file=\"https:\/\/muzeusm.ro\/wp-content\/uploads\/2024\/08\/Picture7.jpg\" src=\"https:\/\/muzeusm.ro\/wp-content\/uploads\/2024\/08\/Picture7.jpg\" alt=\"\" class=\"wp-image-15032 size-full\" srcset=\"https:\/\/muzeusm.ro\/wp-content\/uploads\/2024\/08\/Picture7.jpg 322w, https:\/\/muzeusm.ro\/wp-content\/uploads\/2024\/08\/Picture7-300x199.jpg 300w\" sizes=\"auto, (max-width: 322px) 100vw, 322px\" \/><\/figure><div class=\"wp-block-media-text__content\">\n<p>Mileniile ce au trecut au \u0219ters urmele pa\u0219ilor care au dat na\u0219tere unor c\u0103i sacre pe care erau celebrate ceremonii grandioase. A r\u0103mas puterea magic\u0103 a acestor amulete de a deveni o cheie pentru \u00een\u021belegerea mentalit\u0103\u021bii \u0219i g\u00e2ndurilor str\u0103mo\u0219ilor no\u0219tri. O cheie de a percepe vibra\u021biile sociale complexe tr\u0103ite pe aceste meleaguri, de a \u00een\u021belege c\u0103 tr\u0103irile noastre zbuciumate sunt unice doar \u00eentr-o imagina\u021bie superficial\u0103 \u0219i suficient\u0103.<br><\/p>\n<\/div><\/div>\n","protected":false},"excerpt":{"rendered":"<p>Printre numeroasele pove\u0219ti aduse o dat\u0103 cu redeschiderea muzeului s\u0103tm\u0103rean este aceea a unor obiecte mici, adesea rupte (fragmentate), descoperite \u00een a\u0219ez\u0103rile de la C\u0103ua\u0219, Pir, Andrid, Pi\u0219colt, Lazuri, Culciu Mic \u0219i Culciu Mare. Micile amulete \u0219i procesiunile \u00een care au fost purtate codific\u0103 repere simbolice rememorate de participan\u021bi \u00een cadrul unor procesiuni cu practici<a class=\"more-link\" href=\"https:\/\/muzeusm.ro\/en\/aspecte-din-noua-expozitie-de-baza-a-muzeului-judetean-satu-mare\/\">Continue reading <span class=\"screen-reader-text\">&#8220;Aspecte din noua expozi\u021bie de baz\u0103 a Muzeului Jude\u021bean Satu Mare&#8221;<\/span><\/a><\/p>\n","protected":false},"author":245723488,"featured_media":0,"comment_status":"open","ping_status":"open","sticky":false,"template":"","format":"standard","meta":{"_coblocks_attr":"","_coblocks_dimensions":"","_coblocks_responsive_height":"","_coblocks_accordion_ie_support":"","advanced_seo_description":"","jetpack_seo_html_title":"","jetpack_seo_noindex":false,"jetpack_post_was_ever_published":false,"_jetpack_newsletter_access":"","_jetpack_dont_email_post_to_subs":false,"_jetpack_newsletter_tier_id":0,"_jetpack_memberships_contains_paywalled_content":false,"_jetpack_memberships_contains_paid_content":false,"footnotes":"","jetpack_publicize_message":"","jetpack_publicize_feature_enabled":true,"jetpack_social_post_already_shared":true,"jetpack_social_options":{"image_generator_settings":{"template":"highway","default_image_id":0,"font":"","enabled":false},"version":2}},"categories":[6498592,6498615],"tags":[],"class_list":["post-15021","post","type-post","status-publish","format-standard","hentry","category-actualitati","category-expozitiidebaza","entry"],"translation":{"provider":"WPGlobus","version":"3.0.1","language":"en","enabled_languages":["ro","hu","en"],"languages":{"ro":{"title":true,"content":true,"excerpt":false},"hu":{"title":false,"content":false,"excerpt":false},"en":{"title":false,"content":false,"excerpt":false}}},"jetpack_publicize_connections":[],"jetpack_featured_media_url":"","jetpack_likes_enabled":true,"jetpack-related-posts":[{"id":7389,"url":"https:\/\/muzeusm.ro\/en\/expozitie-aniversara-micul-print-xxv\/","url_meta":{"origin":15021,"position":0},"title":"Expozi\u021bie aniversar\u0103  \u201d Micul prin\u021b \u201d XXV","author":"Popdan Bradut","date":"9 July 2020","format":false,"excerpt":"Expozi\u021bia - happening MICUL PRIN\u021a este un eveniment cultural ce reune\u0219te comunitatea artistic\u0103 din jude\u021b, al\u0103turi de al\u021bi arti\u0219ti invita\u021bi. Participarea unor arti\u0219ti care \u00een timp au ajuns s\u0103 vin\u0103 de la distan\u021be din ce \u00een ce mai mari, a \u021besut o re\u021bea cultural\u0103 \u00een jurul S\u0103tmarului. \u00cen plan citadin,\u2026","rel":"","context":"In &quot;actualitati&quot;","block_context":{"text":"actualitati","link":"https:\/\/muzeusm.ro\/en\/category\/actualitati\/"},"img":{"alt_text":"","src":"https:\/\/i0.wp.com\/www.muzeusm.ro\/wp-content\/uploads\/2020\/07\/30x40-225x300.jpg?resize=350%2C200","width":350,"height":200},"classes":[]},{"id":12418,"url":"https:\/\/muzeusm.ro\/en\/noapte-muzelor-muzeul-judetean-satu-mare-13-mai-2023\/","url_meta":{"origin":15021,"position":1},"title":"NOAPTE  MUZEELOR- Muzeul Jude\u021bean Satu Mare &#8211; 13 mai 2023","author":"Popdan Bradut","date":"15 May 2023","format":false,"excerpt":"Mul\u021bumim invita\u021bilor no\u0219tri: Asocia\u021bia \"Aztekium\", Trupa IMPRO\u0218TIM, Mircea Florian \u0219i nu \u00een ultimul r\u00e2nd Cristinei Gloria Opri\u0219a care l-a \"adus' pentru a XXVIII-a oar\u0103 la Satu Mare pe \"Micul Prin\u021b\" \u0219i desigur dumneavoastr\u0103 care a-\u021bi fost al\u0103turi de noi la s\u0103rb\u0103toarea MUZEELOR.","rel":"","context":"In &quot;actualitati&quot;","block_context":{"text":"actualitati","link":"https:\/\/muzeusm.ro\/en\/category\/actualitati\/"},"img":{"alt_text":"","src":"https:\/\/i0.wp.com\/www.muzeusm.ro\/wp-content\/uploads\/2023\/05\/0B4A3270-200x300.jpg?resize=350%2C200","width":350,"height":200},"classes":[]},{"id":9710,"url":"https:\/\/muzeusm.ro\/en\/micul-print-editia-a-xxvi-a-2\/","url_meta":{"origin":15021,"position":2},"title":"MICUL PRIN\u021a- edi\u021bia a XXVI-a","author":"Popdan Bradut","date":"12 May 2021","format":false,"excerpt":"MICUL PRIN\u021a edi\u021bia a XXVI-a, reprezint\u0103 dialogul genera\u021biilor din \u021bar\u0103, dar \u0219i din Ungaria, Germania, Franta, Elve\u021bia. Poposind de 25 de edi\u021bii \u00een Satu Mare, Micul Prin\u021b dore\u0219te s\u0103 aib\u0103 un loc (spa\u021biu, habitat, planet\u0103, gr\u0103din\u0103...) , o hart\u0103, o emblem\u0103 , un steag sau semn heraldic, care s\u0103 \u00eel\u2026","rel":"","context":"In &quot;actualitati&quot;","block_context":{"text":"actualitati","link":"https:\/\/muzeusm.ro\/en\/category\/actualitati\/"},"img":{"alt_text":"","src":"","width":0,"height":0},"classes":[]},{"id":4596,"url":"https:\/\/muzeusm.ro\/en\/micul-print-editia-a-xxvi-a\/","url_meta":{"origin":15021,"position":3},"title":"Micul Prin\u0163 edi\u0163ia a XXIV- a","author":"Popdan Bradut","date":"10 May 2019","format":false,"excerpt":"Micul Prin\u0163 Micul Prin\u021b, eveniment-happenig\u00a0 cu caracter interna\u021bional, aflat la a XXIV-a edi\u021bie, \u00a0face parte din expozitiile deja \u00eenscrise\u00a0 ca anuale \u00een programul Sec\u0163iei de Art\u0103 a Muzeului Jude\u0163ean Satu Mare. Este singurul eveninent ce adun\u0103 pe simeze, art\u0103 din toate categoriile \u0219i de toate v\u00e2rstele. De la copii care\u2026","rel":"","context":"In &quot;actualitati&quot;","block_context":{"text":"actualitati","link":"https:\/\/muzeusm.ro\/en\/category\/actualitati\/"},"img":{"alt_text":"","src":"https:\/\/i0.wp.com\/www.muzeusm.ro\/wp-content\/uploads\/2019\/05\/Micul-Print-214x300.jpg?resize=350%2C200","width":350,"height":200},"classes":[]},{"id":11214,"url":"https:\/\/muzeusm.ro\/en\/micul-print-2022\/","url_meta":{"origin":15021,"position":4},"title":"Micul Prin\u021b 2022","author":"Popdan Bradut","date":"11 May 2022","format":false,"excerpt":"De-a lungul celor 27 de edi\u021bii, evenimentul interna\u021bional \u201eMicul Prin\u021b\u201d s-a bucurat mereu de participarea arti\u0219tilor de toate v\u00e2rstele, care \u0219i-au g\u0103sit locul pe simezele s\u0103tm\u0103rene. \u00a0\u00a0\u00a0\u00a0\u00a0 Arti\u0219ti consacra\u021bi sau \u00een curs de devenire, studen\u021bi, elevi \u0219i pre\u0219colari \u0219i-au trimis mesajele de prietenie exprimate \u00eentr-o palet\u0103 generoas\u0103 de genuri artistice\u2026","rel":"","context":"In &quot;actualitati&quot;","block_context":{"text":"actualitati","link":"https:\/\/muzeusm.ro\/en\/category\/actualitati\/"},"img":{"alt_text":"","src":"","width":0,"height":0},"classes":[]},{"id":12413,"url":"https:\/\/muzeusm.ro\/en\/noaptea-muzeelor-muzeul-judetean-satu-mare-13-mai-2023muzeumok-ejszakaja-szatmar-megyei-muzeum-2023-majus-13\/","url_meta":{"origin":15021,"position":5},"title":"Noaptea muzeelor &#8211; Muzeul Jude\u021bean Satu Mare 13 mai 2023\/M\u00fazeumok \u00c9jszak\u00e1ja &#8211; Szatm\u00e1r Megyei M\u00fazeum 2023. m\u00e1jus 13","author":"Popdan Bradut","date":"8 May 2023","format":false,"excerpt":"Noaptea muzeelor - Muzeul Jude\u021bean Satu Mare 13 mai 2023, program 17.00 \u2013 24.00 \u00a0Muzeul de Art\u0103 \u2013 P-\u021ba Libert\u0103\u021bii nr.21 Expozi\u021bii: Expozi\u021bia permanent\u0103 \u201eAurel Popp\u201d Expozi\u021bie temporar\u0103 \u201eMicul Prin\u021b\u201d- edi\u021bia a XXVII-a Expozi\u021bie de cactu\u0219i \u0219i plante suculente Activit\u0103\u021bi: \u00a0\u00a0\u00a0\u00a0\u00a0\u00a0\u00a0\u00a0\u00a0\u00a0\u00a0 Orele 17.00 \u2013 20.30 \u00a0\u00a0\u00a0\u00a0\u00a0\u00a0\u00a0\u00a0\u00a0\u00a0\u00a0 -Activit\u0103\u021bi de plantare-replantare de\u2026","rel":"","context":"In &quot;actualitati&quot;","block_context":{"text":"actualitati","link":"https:\/\/muzeusm.ro\/en\/category\/actualitati\/"},"img":{"alt_text":"","src":"","width":0,"height":0},"classes":[]}],"jetpack_sharing_enabled":true,"jetpack_shortlink":"https:\/\/wp.me\/pfvnyQ-3Uh","_links":{"self":[{"href":"https:\/\/muzeusm.ro\/en\/wp-json\/wp\/v2\/posts\/15021","targetHints":{"allow":["GET"]}}],"collection":[{"href":"https:\/\/muzeusm.ro\/en\/wp-json\/wp\/v2\/posts"}],"about":[{"href":"https:\/\/muzeusm.ro\/en\/wp-json\/wp\/v2\/types\/post"}],"author":[{"embeddable":true,"href":"https:\/\/muzeusm.ro\/en\/wp-json\/wp\/v2\/users\/245723488"}],"replies":[{"embeddable":true,"href":"https:\/\/muzeusm.ro\/en\/wp-json\/wp\/v2\/comments?post=15021"}],"version-history":[{"count":1,"href":"https:\/\/muzeusm.ro\/en\/wp-json\/wp\/v2\/posts\/15021\/revisions"}],"predecessor-version":[{"id":15033,"href":"https:\/\/muzeusm.ro\/en\/wp-json\/wp\/v2\/posts\/15021\/revisions\/15033"}],"wp:attachment":[{"href":"https:\/\/muzeusm.ro\/en\/wp-json\/wp\/v2\/media?parent=15021"}],"wp:term":[{"taxonomy":"category","embeddable":true,"href":"https:\/\/muzeusm.ro\/en\/wp-json\/wp\/v2\/categories?post=15021"},{"taxonomy":"post_tag","embeddable":true,"href":"https:\/\/muzeusm.ro\/en\/wp-json\/wp\/v2\/tags?post=15021"}],"curies":[{"name":"wp","href":"https:\/\/api.w.org\/{rel}","templated":true}]}}