{"id":13346,"date":"2015-09-22T05:09:01","date_gmt":"2015-09-22T05:09:01","guid":{"rendered":"http:\/\/www.muzeusm.ro\/?p=1005"},"modified":"2015-09-22T05:09:01","modified_gmt":"2015-09-22T05:09:01","slug":"zilele-cooperarii-europene-2015","status":"publish","type":"post","link":"https:\/\/muzeusm.ro\/en\/zilele-cooperarii-europene-2015\/","title":{"rendered":"Zilele Cooper\u0103rii Europene 2015"},"content":{"rendered":"<p><strong><a href=\"http:\/\/www.muzeusm.ro\/wp-content\/uploads\/2015\/09\/16-09-2015-afis-A3-web1.jpg\"><img loading=\"lazy\" decoding=\"async\" data-attachment-id=\"1029\" data-permalink=\"https:\/\/muzeusm.ro\/en\/aurelp\/\" data-orig-file=\"https:\/\/muzeusm.ro\/wp-content\/uploads\/2013\/12\/AURELP.png\" data-orig-size=\"579,480\" data-comments-opened=\"1\" data-image-meta=\"{&quot;aperture&quot;:&quot;0&quot;,&quot;credit&quot;:&quot;&quot;,&quot;camera&quot;:&quot;&quot;,&quot;caption&quot;:&quot;&quot;,&quot;created_timestamp&quot;:&quot;0&quot;,&quot;copyright&quot;:&quot;&quot;,&quot;focal_length&quot;:&quot;0&quot;,&quot;iso&quot;:&quot;0&quot;,&quot;shutter_speed&quot;:&quot;0&quot;,&quot;title&quot;:&quot;&quot;,&quot;orientation&quot;:&quot;0&quot;}\" data-image-title=\"AURELP\" data-image-description=\"\" data-image-caption=\"\" data-medium-file=\"https:\/\/muzeusm.ro\/wp-content\/uploads\/2013\/12\/AURELP-300x249.png\" data-large-file=\"https:\/\/muzeusm.ro\/wp-content\/uploads\/2013\/12\/AURELP.png\" class=\"size-medium wp-image-1029 alignleft\" alt=\"16-09-2015-afis-A3\" src=\"http:\/\/www.muzeusm.ro\/wp-content\/uploads\/2015\/09\/16-09-2015-afis-A3-web1-213x300.jpg\" width=\"213\" height=\"300\" \/><\/a>BREAKING THROUGH COOLture &#8211; European values and common future<\/strong><\/p>\n<p>HUSKROUA\/1101\/139<\/p>\n<p>Lider: Satu Mare County Museum<\/p>\n<p>Partener:Transcarpathian Museum of Folk Architecture and Lifestyle<\/p>\n<p>Sala de conferin\u0163\u0103 a Centrului Tehnologic de Inovare \u015fi Afaceri, str. I.L. Caragiale nr. 1<\/p>\n<p>&#8211; Lucr\u0103rile simpozionului \u201eZiua Cooper\u0103rii Europene &#8211; Rezultate \u015fi perspective<\/p>\n<p>&#8211; Lansarea publica\u0163iilor rezultate \u00een proiect<\/p>\n<p>&#8211; Vernisajul expozitiei \u201eDe la fir la costum\u201d<\/p>\n<p>Sediul Muzeului Jude\u0163ean Satu Mare, b-dul V. Lucaciu 21<\/p>\n","protected":false},"excerpt":{"rendered":"<p>BREAKING THROUGH COOLture &#8211; European values and common future HUSKROUA\/1101\/139 Lider: Satu Mare County Museum Partener:Transcarpathian Museum of Folk Architecture and Lifestyle Sala de conferin\u0163\u0103 a Centrului Tehnologic de Inovare \u015fi Afaceri, str. I.L. Caragiale nr. 1 &#8211; Lucr\u0103rile simpozionului \u201eZiua Cooper\u0103rii Europene &#8211; Rezultate \u015fi perspective &#8211; Lansarea publica\u0163iilor rezultate \u00een proiect &#8211; Vernisajul<a class=\"more-link\" href=\"https:\/\/muzeusm.ro\/en\/zilele-cooperarii-europene-2015\/\">Continue reading <span class=\"screen-reader-text\">&#8220;Zilele Cooper\u0103rii Europene 2015&#8221;<\/span><\/a><\/p>\n","protected":false},"author":245723487,"featured_media":0,"comment_status":"open","ping_status":"open","sticky":false,"template":"","format":"image","meta":{"_coblocks_attr":"","_coblocks_dimensions":"","_coblocks_responsive_height":"","_coblocks_accordion_ie_support":"","advanced_seo_description":"","jetpack_seo_html_title":"","jetpack_seo_noindex":false,"jetpack_post_was_ever_published":false,"_jetpack_newsletter_access":"","_jetpack_dont_email_post_to_subs":false,"_jetpack_newsletter_tier_id":0,"_jetpack_memberships_contains_paywalled_content":false,"_jetpack_memberships_contains_paid_content":false,"footnotes":"","jetpack_publicize_message":"","jetpack_publicize_feature_enabled":true,"jetpack_social_post_already_shared":false,"jetpack_social_options":{"image_generator_settings":{"template":"highway","default_image_id":0,"font":"","enabled":false},"version":2}},"categories":[6498592],"tags":[],"class_list":["post-13346","post","type-post","status-publish","format-image","hentry","category-actualitati","post_format-post-format-image","entry"],"translation":{"provider":"WPGlobus","version":"3.0.1","language":"en","enabled_languages":["ro","hu","en"],"languages":{"ro":{"title":true,"content":true,"excerpt":false},"hu":{"title":false,"content":false,"excerpt":false},"en":{"title":false,"content":false,"excerpt":false}}},"jetpack_publicize_connections":[],"jetpack_featured_media_url":"","jetpack_likes_enabled":true,"jetpack-related-posts":[{"id":17339,"url":"https:\/\/muzeusm.ro\/en\/editura-muzeului-satmarean\/","url_meta":{"origin":13346,"position":0},"title":"Editura Muzeului S\u0103tm\u0103rean","author":"norbertlorincz","date":"22 April 2026","format":false,"excerpt":"Prezentarea Editurii: Scurt\u0103 descriere a Editurii \u00cenfiin\u021barea editurii a stimulat activitatea editorial\u0103 a muzeului, care \u00eencepuse \u00een 1969, o dat\u0103 cu singura sa publica\u021bie de la acea vreme, anuarul \u201eSatu Mare. Studii \u0219i Comunic\u0103ri\u201d. Urm\u0103torii dou\u0103zeci \u0219i cinci de ani s-au dovedit extrem de productivi, cu peste 300 de publica\u021bii\u2026","rel":"","context":"In &quot;F\u0103r\u0103 categorie&quot;","block_context":{"text":"F\u0103r\u0103 categorie","link":"https:\/\/muzeusm.ro\/en\/category\/fara-categorie\/"},"img":{"alt_text":"","src":"","width":0,"height":0},"classes":[]},{"id":4146,"url":"https:\/\/muzeusm.ro\/en\/comodi\/","url_meta":{"origin":13346,"position":1},"title":"COMODI","author":"norbertlorincz","date":"1 March 2019","format":false,"excerpt":"Volume publicate \u00een cadrul proiectului COMODI A COMODI projekt keret\u00e9ben megjelent kiadv\u00e1nyok Publica\u021bie editat\u0103 de Muzeul J\u00f3sa Andr\u00e1s, Ny\u00edregyh\u00e1za \u0219i Muzeul Jude\u021bean Satu Mare prin proiectul A Cross-Border Open Model of Digital Museum Database\/COMODI\/ ROHU-297. Proiectul este implementat \u00een cadrul Programului Interreg V-A Rom\u00e2nia Ungaria \u0219i este finan\u021bat de Uniunea\u2026","rel":"","context":"In &quot;F\u0103r\u0103 categorie&quot;","block_context":{"text":"F\u0103r\u0103 categorie","link":"https:\/\/muzeusm.ro\/en\/category\/fara-categorie\/"},"img":{"alt_text":"","src":"https:\/\/i0.wp.com\/www.muzeusm.ro\/wp-content\/uploads\/2020\/04\/51C90NR5QEL._AC_SS350_.jpg?resize=350%2C200","width":350,"height":200},"classes":[]},{"id":4120,"url":"https:\/\/muzeusm.ro\/en\/proiecte-europene-actuale\/","url_meta":{"origin":13346,"position":2},"title":"Proiecte Europene","author":"norbertlorincz","date":"28 February 2019","format":false,"excerpt":"Descrierea Proiectelor Europene:\u00a0 I. Proiectul, \"Memories of Nations \u2013 Architectural and Social Heritage of Cooperatives\", ID. Proiect: \u00a0 ROHU00530, \u00a0Click pe acronim: MonArchitecture!\u00a0Pentru detalii legate de acest proiect! II. Proiectul \u201eEASYDOOR \u2013 Easing Access to Systemic Discovery of Our Origins and Resources\u201d. Proiect depus de Consiliul Jude\u021bean Satu Mare, \u00een\u2026","rel":"","context":"In &quot;Proiecte&quot;","block_context":{"text":"Proiecte","link":"https:\/\/muzeusm.ro\/en\/category\/proiecte\/"},"img":{"alt_text":"","src":"","width":0,"height":0},"classes":[]},{"id":16835,"url":"https:\/\/muzeusm.ro\/en\/memories-of-nations-architectural-and-social-heritage-of-cooperatives-monarchitecture-2025-2027\/","url_meta":{"origin":13346,"position":3},"title":"\u201eMemories of Nations \u2013 Architectural and Social Heritage of Cooperatives\u201d &#8211; MonArchitecture 2025 &#8211; 2027","author":"norbertlorincz","date":"20 June 2025","format":false,"excerpt":"Muzeul Jude\u021bean Satu Mare \u00een parteneriat cu Arhivele Na\u021bionale ale Ungariei particip\u0103 la proiectul \u201eMemories of Nations \u2013 Architectural and Social Heritage of Cooperatives\u201d (https:\/\/interreg-rohu.eu\/en\/home-en\/), (ID proiect: ROHU00530, acronim: MonArchitecture), finan\u021bat prin Programul Interreg VI-A Rom\u00e2nia\u2013Ungaria. Proiectul are ca obiectiv consolidarea rolului culturii \u0219i al turismului durabil \u00een dezvoltarea economic\u0103,\u2026","rel":"","context":"In &quot;actualitati&quot;","block_context":{"text":"actualitati","link":"https:\/\/muzeusm.ro\/en\/category\/actualitati\/"},"img":{"alt_text":"","src":"https:\/\/i0.wp.com\/muzeusm.ro\/wp-content\/uploads\/2025\/06\/1-150x150.jpg?resize=350%2C200&ssl=1","width":350,"height":200,"srcset":"https:\/\/i0.wp.com\/muzeusm.ro\/wp-content\/uploads\/2025\/06\/1-150x150.jpg?resize=350%2C200&ssl=1 1x, https:\/\/i0.wp.com\/muzeusm.ro\/wp-content\/uploads\/2025\/06\/1-150x150.jpg?resize=525%2C300&ssl=1 1.5x, https:\/\/i0.wp.com\/muzeusm.ro\/wp-content\/uploads\/2025\/06\/1-150x150.jpg?resize=700%2C400&ssl=1 2x"},"classes":[]},{"id":645,"url":"https:\/\/muzeusm.ro\/en\/proiecte-europene\/","url_meta":{"origin":13346,"position":4},"title":"Proiecte Europene finalizate &#8211; Eur\u00f3pai projektek &#8211; European Projects","author":"Gordan Csilla","date":"10 January 2012","format":false,"excerpt":"{:ro} Denumire: Reu\u0219im\u00a0 prin COOLtur\u0103 \u2013 Valori europene \u0219i viitor comun ID: HUSKROUA\/1101\/139 Proiect finan\u021bat prin Programul de Cooperare transfrontalier\u0103 HUSKROUA Partener: Muzeul de Arhitectur\u0103 \u0219i Civiliza\u021bie Popular\u0103 a Regiunii Transcarpatia Perioada de desf\u0103\u0219urare: 27.07.2013 \u2013 25.09.2015 Suma finan\u021bat\u0103: 308.655 Euro Rezultate: 1. Cercetare de teren \u0219i cercetarea colec\u021biilor de\u2026","rel":"","context":"In &quot;Proiecte&quot;","block_context":{"text":"Proiecte","link":"https:\/\/muzeusm.ro\/en\/category\/proiecte\/"},"img":{"alt_text":"","src":"","width":0,"height":0},"classes":[]},{"id":7705,"url":"https:\/\/muzeusm.ro\/en\/workshop-promovarea-peisajului-rural-instantanee\/","url_meta":{"origin":13346,"position":5},"title":"Workshop \u201dPromovarea peisajului rural\u201d &#8211; instantanee","author":"Popdan Bradut","date":"25 September 2020","format":false,"excerpt":"Joi 24 septembrie 2020 \u00een cadrul proiectului COOLNET, la casa muzeu Ora\u0219u Nou \u0219i hotel Poezia, Luna \u0218es, s-a desf\u0103\u0219urat workshop-ul Promovarea peisajului rural.\u00a0 Workshop-ul \u0219i-a propus s\u0103 reuneasc\u0103 pe to\u021bi cei care promoveaz\u0103 turismul cultural \u00een jude\u021bul Satu Mare, reprezentan\u021bi ai: Consiliului Jude\u021bean Satu Mare-departamentul de turism,\u00a0 Prim\u0103riei Satu\u2026","rel":"","context":"In &quot;actualitati&quot;","block_context":{"text":"actualitati","link":"https:\/\/muzeusm.ro\/en\/category\/actualitati\/"},"img":{"alt_text":"","src":"https:\/\/i0.wp.com\/www.muzeusm.ro\/wp-content\/uploads\/2020\/09\/0B4A1002-300x200.jpg?resize=350%2C200","width":350,"height":200},"classes":[]}],"jetpack_sharing_enabled":true,"jetpack_shortlink":"https:\/\/wp.me\/pfvnyQ-3tg","_links":{"self":[{"href":"https:\/\/muzeusm.ro\/en\/wp-json\/wp\/v2\/posts\/13346","targetHints":{"allow":["GET"]}}],"collection":[{"href":"https:\/\/muzeusm.ro\/en\/wp-json\/wp\/v2\/posts"}],"about":[{"href":"https:\/\/muzeusm.ro\/en\/wp-json\/wp\/v2\/types\/post"}],"author":[{"embeddable":true,"href":"https:\/\/muzeusm.ro\/en\/wp-json\/wp\/v2\/users\/245723487"}],"replies":[{"embeddable":true,"href":"https:\/\/muzeusm.ro\/en\/wp-json\/wp\/v2\/comments?post=13346"}],"version-history":[{"count":0,"href":"https:\/\/muzeusm.ro\/en\/wp-json\/wp\/v2\/posts\/13346\/revisions"}],"wp:attachment":[{"href":"https:\/\/muzeusm.ro\/en\/wp-json\/wp\/v2\/media?parent=13346"}],"wp:term":[{"taxonomy":"category","embeddable":true,"href":"https:\/\/muzeusm.ro\/en\/wp-json\/wp\/v2\/categories?post=13346"},{"taxonomy":"post_tag","embeddable":true,"href":"https:\/\/muzeusm.ro\/en\/wp-json\/wp\/v2\/tags?post=13346"}],"curies":[{"name":"wp","href":"https:\/\/api.w.org\/{rel}","templated":true}]}}