{"id":1329,"date":"2015-12-18T11:12:31","date_gmt":"2015-12-18T11:12:31","guid":{"rendered":"http:\/\/www.muzeusm.ro\/?p=1329"},"modified":"2015-12-18T11:12:31","modified_gmt":"2015-12-18T11:12:31","slug":"1329","status":"publish","type":"post","link":"https:\/\/muzeusm.ro\/en\/1329\/","title":{"rendered":"Lansare de carte &#8211; Nae Antonescu &#8220;Jurnal literar (1974-1989)&#8221;"},"content":{"rendered":"<p><a href=\"http:\/\/www.muzeusm.ro\/wp-content\/uploads\/2015\/12\/Antonescu-94-A3.jpg\"><img loading=\"lazy\" decoding=\"async\" data-attachment-id=\"1332\" data-permalink=\"https:\/\/muzeusm.ro\/en\/slide-1\/\" data-orig-file=\"https:\/\/muzeusm.ro\/wp-content\/uploads\/2015\/12\/Antonescu-94-A3.jpg\" data-orig-size=\"1336,1890\" data-comments-opened=\"1\" data-image-meta=\"{&quot;aperture&quot;:&quot;0&quot;,&quot;credit&quot;:&quot;User4&quot;,&quot;camera&quot;:&quot;&quot;,&quot;caption&quot;:&quot;&quot;,&quot;created_timestamp&quot;:&quot;0&quot;,&quot;copyright&quot;:&quot;&quot;,&quot;focal_length&quot;:&quot;0&quot;,&quot;iso&quot;:&quot;0&quot;,&quot;shutter_speed&quot;:&quot;0&quot;,&quot;title&quot;:&quot;Slide 1&quot;,&quot;orientation&quot;:&quot;1&quot;}\" data-image-title=\"Slide 1\" data-image-description=\"\" data-image-caption=\"\" data-medium-file=\"https:\/\/muzeusm.ro\/wp-content\/uploads\/2015\/12\/Antonescu-94-A3-212x300.jpg\" data-large-file=\"https:\/\/muzeusm.ro\/wp-content\/uploads\/2015\/12\/Antonescu-94-A3-724x1024.jpg\" class=\"size-medium wp-image-1332 alignleft\" alt=\"Slide 1\" src=\"http:\/\/www.muzeusm.ro\/wp-content\/uploads\/2015\/12\/Antonescu-94-A3-212x300.jpg\" width=\"212\" height=\"300\" srcset=\"https:\/\/muzeusm.ro\/wp-content\/uploads\/2015\/12\/Antonescu-94-A3-212x300.jpg 212w, https:\/\/muzeusm.ro\/wp-content\/uploads\/2015\/12\/Antonescu-94-A3-724x1024.jpg 724w, https:\/\/muzeusm.ro\/wp-content\/uploads\/2015\/12\/Antonescu-94-A3-768x1086.jpg 768w, https:\/\/muzeusm.ro\/wp-content\/uploads\/2015\/12\/Antonescu-94-A3-1086x1536.jpg 1086w, https:\/\/muzeusm.ro\/wp-content\/uploads\/2015\/12\/Antonescu-94-A3.jpg 1336w\" sizes=\"auto, (max-width: 212px) 100vw, 212px\" \/><\/a><br \/>\nRecent a v\u0103zut lumina tiparului la editura clujean\u0103 \u201eArgonaut\u201d volumul postum al lui Nae Antonescu, Jurnal literar (1974-1989). Sensibile la aceast\u0103 apari\u0163ie, datorat\u0103 Bibliotecii Centrale Universitare \u201eLucian Blaga\u201d din Cluj-Napoca, p\u0103str\u0103toare a unei p\u0103r\u0163i din mo\u015ftenirea \u201eNae Antonescu\u201d, dou\u0103 institu\u0163ii din subordinea Consiliului Jude\u0163ean Satu Mare, Muzeul Jude\u0163ean de Istorie \u015fi Biblioteca Jude\u0163ean\u0103 Satu Mare, organizeaz\u0103, vineri, 18 decembrie 2015, ora 15.00, \u00een sala Multimedia a Bibliotecii Jude\u0163ene Satu Mare lansarea \u00een municipiul nostru a acestui volum. <\/p>\n","protected":false},"excerpt":{"rendered":"<p>Recent a v\u0103zut lumina tiparului la editura clujean\u0103 \u201eArgonaut\u201d volumul postum al lui Nae Antonescu, Jurnal literar (1974-1989). Sensibile la aceast\u0103 apari\u0163ie, datorat\u0103 Bibliotecii Centrale Universitare \u201eLucian Blaga\u201d din Cluj-Napoca, p\u0103str\u0103toare a unei p\u0103r\u0163i din mo\u015ftenirea \u201eNae Antonescu\u201d, dou\u0103 institu\u0163ii din subordinea Consiliului Jude\u0163ean Satu Mare, Muzeul Jude\u0163ean de Istorie \u015fi Biblioteca Jude\u0163ean\u0103 Satu Mare,<a class=\"more-link\" href=\"https:\/\/muzeusm.ro\/en\/1329\/\">Continue reading <span class=\"screen-reader-text\">&#8220;Lansare de carte &#8211; Nae Antonescu &#8220;Jurnal literar (1974-1989)&#8221;&#8221;<\/span><\/a><\/p>\n","protected":false},"author":245723486,"featured_media":0,"comment_status":"open","ping_status":"open","sticky":false,"template":"","format":"standard","meta":{"_coblocks_attr":"","_coblocks_dimensions":"","_coblocks_responsive_height":"","_coblocks_accordion_ie_support":"","advanced_seo_description":"","jetpack_seo_html_title":"","jetpack_seo_noindex":false,"jetpack_post_was_ever_published":false,"_jetpack_newsletter_access":"","_jetpack_dont_email_post_to_subs":false,"_jetpack_newsletter_tier_id":0,"_jetpack_memberships_contains_paywalled_content":false,"_jetpack_memberships_contains_paid_content":false,"footnotes":"","jetpack_publicize_message":"","jetpack_publicize_feature_enabled":true,"jetpack_social_post_already_shared":false,"jetpack_social_options":{"image_generator_settings":{"template":"highway","default_image_id":0,"font":"","enabled":false},"version":2}},"categories":[6498592],"tags":[],"class_list":["post-1329","post","type-post","status-publish","format-standard","hentry","category-actualitati","entry"],"translation":{"provider":"WPGlobus","version":"3.0.1","language":"en","enabled_languages":["ro","hu","en"],"languages":{"ro":{"title":true,"content":true,"excerpt":false},"hu":{"title":false,"content":false,"excerpt":false},"en":{"title":false,"content":false,"excerpt":false}}},"jetpack_publicize_connections":[],"jetpack_featured_media_url":"","jetpack_likes_enabled":true,"jetpack-related-posts":[{"id":1775,"url":"https:\/\/muzeusm.ro\/en\/concurs-muzeograf-2\/","url_meta":{"origin":1329,"position":0},"title":"Concurs muzeograf","author":"Dobrescu Adela Catalina","date":"19 May 2016","format":false,"excerpt":"\u00a0MUZEUL\u00a0 JUDETEAN\u00a0 SATU\u00a0 MARE, organizeaz\u0103 concurs pentru ocuparea pe perioad\u0103 nedeterminat\u0103 a func\u021biei contractuale de executie, vacante, astfel: \u00a0Muzeograf IA\u00a0 - studii superioare 1 post \u00een cadrul Sec\u021biei Rela\u021bii cu publicul \u00a0Pentru a ocupa un post contractual vacant sau temporar vacant candida\u021bii trebuie s\u0103 \u00eendeplineasc\u0103 urm\u0103toarele condi\u021bii generale, conform art.\u2026","rel":"","context":"In &quot;actualitati&quot;","block_context":{"text":"actualitati","link":"https:\/\/muzeusm.ro\/en\/category\/actualitati\/"},"img":{"alt_text":"","src":"","width":0,"height":0},"classes":[]},{"id":5858,"url":"https:\/\/muzeusm.ro\/en\/expozitia-revolutia-din-decembrie-1989-satu-mare-in-imagini\/","url_meta":{"origin":1329,"position":1},"title":"EXPOZI\u0162IA \u201eREVOLU\u0162IA DIN DECEMBRIE 1989. SATU MARE \u00ceN IMAGINI\u201d","author":"Popdan Bradut","date":"18 December 2019","format":false,"excerpt":"La 22 decembrie 2019 se \u00eemplinesc 30 de ani de la Revolu\u0163ia din 1989 care a pus cap\u0103t regimului comunist din Rom\u00e2nia. Consiliul Jude\u0163ean Satu Mare, Muzeul Jude\u0163ean Satu Mare \u015fi Liga Lupt\u0103torilor din Decembrie 1989 Satu Mare dore\u015fte s\u0103 marcheze acest eveniment printr-o expozi\u0163ie foto-documentar\u0103 care s\u0103 surprind\u0103 evenimentele\u2026","rel":"","context":"In &quot;actualitati&quot;","block_context":{"text":"actualitati","link":"https:\/\/muzeusm.ro\/en\/category\/actualitati\/"},"img":{"alt_text":"","src":"https:\/\/i0.wp.com\/www.muzeusm.ro\/wp-content\/uploads\/2019\/12\/afis-50x70-214x300.jpg?resize=350%2C200","width":350,"height":200},"classes":[]},{"id":5437,"url":"https:\/\/muzeusm.ro\/en\/zilele-europene-ale-patrimoniului-editia-a-xxvii-a-anul-cartii\/","url_meta":{"origin":1329,"position":2},"title":"ZILELE EUROPENE ALE PATRIMONIULUI, edi\u0163ia a-XXVII-a, &#8220;Anul C\u0103r\u0163ii&#8221;","author":"Andrei Mocan Mihai","date":"18 October 2019","format":false,"excerpt":"Joi, 17 octombrie 2019, la Casa Me\u015fte\u015fugarilor din Satu Mare a avut loc evenimentul, ZILELE EUROPENE ALE PATRIMONIULUI, edi\u0163ia a-XXVII-a, \"Anul C\u0103r\u0163ii\". \u00cen prima parte a evenimentului a avut loc lansarea c\u0103r\u0163ii \"Jude\u0163ul Satu Mare \u00een oglinda monumentelor istorice\", prezentat\u0103 de dr. Cornel Grad \u015fi prof. Radu David. \u00cen partea\u2026","rel":"","context":"In &quot;actualitati&quot;","block_context":{"text":"actualitati","link":"https:\/\/muzeusm.ro\/en\/category\/actualitati\/"},"img":{"alt_text":"","src":"https:\/\/i0.wp.com\/www.muzeusm.ro\/wp-content\/uploads\/2019\/10\/IMG_4971-300x200.jpg?resize=350%2C200","width":350,"height":200},"classes":[]},{"id":8695,"url":"https:\/\/muzeusm.ro\/en\/un-ultim-omagiu-domnului-academician-gabriel-strempel\/","url_meta":{"origin":1329,"position":3},"title":"UN ULTIM OMAGIU DOMNULUI ACADEMICIAN GABRIEL \u0218TREMPEL","author":"Popdan Bradut","date":"8 December 2020","format":false,"excerpt":"Cu mare triste\u021be am aflat c\u0103 a plecat dintre noi un mare prieten al Muzeului Jude\u021bean Satu Mare, Domnul Academician Gabriel \u0218trempel, unul dintre cei mai erudi\u021bi cercet\u0103tori ai literaturii rom\u00e2ne vechi. Prin sprijinul s\u0103u, \u00een calitate de director al Bibliotecii Academiei Rom\u00e2ne, s-a dezvoltat considerabil fondul de carte al\u2026","rel":"","context":"In &quot;actualitati&quot;","block_context":{"text":"actualitati","link":"https:\/\/muzeusm.ro\/en\/category\/actualitati\/"},"img":{"alt_text":"","src":"","width":0,"height":0},"classes":[]},{"id":8762,"url":"https:\/\/muzeusm.ro\/en\/revolutia-din-decembrie-1989-az-1989-es-decemberi-forradalom\/","url_meta":{"origin":1329,"position":4},"title":"Revolu\u021bia din decembrie 1989 \/ Az 1989-es decemberi forradalom","author":"norbertlorincz","date":"22 December 2020","format":false,"excerpt":"\u00cen ora\u0219ul Satu Mare, evenimentele revolu\u021biei din decembrie 1989 se pot \u00eemp\u0103r\u021bi \u00een dou\u0103 etape: -Prima etap\u0103 se \u00eencadreaz\u0103 \u00eentre 16-21 decembrie 1989 \u0219i se caracterizeaz\u0103 prin pasivitate \u00eencremenit\u0103 \u00een calm. \u00cen aceast\u0103 perioad\u0103, asem\u0103n\u0103tor celorlalte ora\u0219e mai mici ale Transilvaniei, nici \u00een Satu Mare nu au avut loc evenimente\u2026","rel":"","context":"In &quot;actualitati&quot;","block_context":{"text":"actualitati","link":"https:\/\/muzeusm.ro\/en\/category\/actualitati\/"},"img":{"alt_text":"","src":"https:\/\/i0.wp.com\/www.muzeusm.ro\/wp-content\/uploads\/2020\/12\/46166_001-1024x987.jpg?resize=350%2C200","width":350,"height":200,"srcset":"https:\/\/i0.wp.com\/www.muzeusm.ro\/wp-content\/uploads\/2020\/12\/46166_001-1024x987.jpg?resize=350%2C200 1x, https:\/\/i0.wp.com\/www.muzeusm.ro\/wp-content\/uploads\/2020\/12\/46166_001-1024x987.jpg?resize=525%2C300 1.5x, https:\/\/i0.wp.com\/www.muzeusm.ro\/wp-content\/uploads\/2020\/12\/46166_001-1024x987.jpg?resize=700%2C400 2x"},"classes":[]},{"id":17284,"url":"https:\/\/muzeusm.ro\/en\/satu-mare-studii-si-comunicari\/","url_meta":{"origin":1329,"position":5},"title":"\u201eSATU MARE. STUDII \u015eI COMUNIC\u0102RI\u201d","author":"norbertlorincz","date":"25 February 2026","format":false,"excerpt":"Scurt istoric Anuarul \u0219tiin\u021bific editat de Muzeul Jude\u021bean Satu Mare, revista Satu Mare. Studii \u0219i comunic\u0103ri, se num\u0103r\u0103 printre primele publica\u021bii de profil ap\u0103rute \u00een Transilvania. Primul num\u0103r al revistei a ap\u0103rut \u00een anul 1969, av\u00e2ndu-l ca responsabil pe dr. Tiberiu Bader, directorul institu\u0163iei la acea dat\u0103, publica\u0163ia fiind dus\u0103\u2026","rel":"","context":"In &quot;F\u0103r\u0103 categorie&quot;","block_context":{"text":"F\u0103r\u0103 categorie","link":"https:\/\/muzeusm.ro\/en\/category\/fara-categorie\/"},"img":{"alt_text":"","src":"","width":0,"height":0},"classes":[]}],"jetpack_sharing_enabled":true,"jetpack_shortlink":"https:\/\/wp.me\/sfvnyQ-1329","_links":{"self":[{"href":"https:\/\/muzeusm.ro\/en\/wp-json\/wp\/v2\/posts\/1329","targetHints":{"allow":["GET"]}}],"collection":[{"href":"https:\/\/muzeusm.ro\/en\/wp-json\/wp\/v2\/posts"}],"about":[{"href":"https:\/\/muzeusm.ro\/en\/wp-json\/wp\/v2\/types\/post"}],"author":[{"embeddable":true,"href":"https:\/\/muzeusm.ro\/en\/wp-json\/wp\/v2\/users\/245723486"}],"replies":[{"embeddable":true,"href":"https:\/\/muzeusm.ro\/en\/wp-json\/wp\/v2\/comments?post=1329"}],"version-history":[{"count":0,"href":"https:\/\/muzeusm.ro\/en\/wp-json\/wp\/v2\/posts\/1329\/revisions"}],"wp:attachment":[{"href":"https:\/\/muzeusm.ro\/en\/wp-json\/wp\/v2\/media?parent=1329"}],"wp:term":[{"taxonomy":"category","embeddable":true,"href":"https:\/\/muzeusm.ro\/en\/wp-json\/wp\/v2\/categories?post=1329"},{"taxonomy":"post_tag","embeddable":true,"href":"https:\/\/muzeusm.ro\/en\/wp-json\/wp\/v2\/tags?post=1329"}],"curies":[{"name":"wp","href":"https:\/\/api.w.org\/{rel}","templated":true}]}}