{"id":11066,"date":"2022-04-13T07:30:31","date_gmt":"2022-04-13T07:30:31","guid":{"rendered":"http:\/\/www.muzeusm.ro\/?p=11066"},"modified":"2022-04-13T07:30:31","modified_gmt":"2022-04-13T07:30:31","slug":"intre-lumi-expozitie-de-arta-vizuala","status":"publish","type":"post","link":"https:\/\/muzeusm.ro\/en\/intre-lumi-expozitie-de-arta-vizuala\/","title":{"rendered":"\u201e\u00ceNTRE LUMI\u201d &#8211; Expozi\u021bie de art\u0103 vizual\u0103"},"content":{"rendered":"<p>\u201e\u00ceNTRE LUMI\u201d- expozi\u021bia unei prestigioase familii de arti\u0219ti bra\u0219oveni, fiecare\u00a0 cu\u00a0 viziunea sa despre aceast\u0103 lume sau despre lumi imaginare .<!--more--> Subiectele, temele tratate, sunt diferite \u00eentre membrii familiei, dar\u00a0 preocup\u0103rile-proiectele acelea\u0219i, dovad\u0103 fiind \u201e Bienala albastr\u0103\u201d- bienal\u0103 interna\u021bional\u0103 de Arte Vizuale , ce de dou\u0103 edi\u021bii inund\u0103 spa\u021biile cultural-artistice bra\u0219ovene, cu numeroasele expozi\u021bii ale arti\u0219tilor din \u021bar\u0103 sau de peste hotare, conjugate \u0219i cu alte manifest\u0103ri artistice. Evenimentul a fost premiat la Gala de decernare a premiilor CORONA \u00een cultur\u0103 la Bra\u0219ov.<\/p>\n<p>Expozi\u021bia\u00a0 \u00eei are ca protagoni\u0219ti pe Victoria, Ioan Aron, Vladimir \u0219i Decebal \u021a\u0103roi, cu abord\u0103ri diverse, cu cicluri, cu etape&#8230; dar, care sunt unite sub umbrela familiei, de\u0219i personalit\u0103\u021bile sunt puternice\u00a0 fiecare av\u00e2nd\u00a0 c\u0103ut\u0103rile proprii. Lumile celor patru arti\u0219ti sunt abordate \u00een registre\u00a0 diferite: pictur\u0103, grafic\u0103, ceramic\u0103. Sunt atinse zona istoric\u0103, cea sacr\u0103, martirajul sau folclorul autohton , pentru c\u0103 arti\u0219tii au participat \u00een Taberele de crea\u021bie de la Veti\u0219 sau Ardud, locurile fiind subiecte \u0219i \u00een a lor crea\u021bie.<\/p>\n<p>Intersec\u021biile dintre lumi, trecerea, pragul dintre realitate \u0219i fantastic, \u00eentre real \u0219i zona divin\u0103 sunt expresiile\u00a0 concentrate\u00a0 oferite \u00een spa\u021biul s\u0103lilor mici ale Muzeului de Art\u0103 , unde v\u0103 a\u0219tept\u0103m la vernisajul din data de 15 aprilie 2022, ora 17, la un festin al artelor.<\/p>\n<p>Curator: Cristina Gloria Opri\u0219a<\/p>\n","protected":false},"excerpt":{"rendered":"<p>\u201e\u00ceNTRE LUMI\u201d- expozi\u021bia unei prestigioase familii de arti\u0219ti bra\u0219oveni, fiecare\u00a0 cu\u00a0 viziunea sa despre aceast\u0103 lume sau despre lumi imaginare .<\/p>\n","protected":false},"author":245723484,"featured_media":11068,"comment_status":"open","ping_status":"open","sticky":false,"template":"","format":"standard","meta":{"_coblocks_attr":"","_coblocks_dimensions":"","_coblocks_responsive_height":"","_coblocks_accordion_ie_support":"","advanced_seo_description":"","jetpack_seo_html_title":"","jetpack_seo_noindex":false,"jetpack_post_was_ever_published":false,"_jetpack_newsletter_access":"","_jetpack_dont_email_post_to_subs":false,"_jetpack_newsletter_tier_id":0,"_jetpack_memberships_contains_paywalled_content":false,"_jetpack_memberships_contains_paid_content":false,"footnotes":"","jetpack_publicize_message":"","jetpack_publicize_feature_enabled":true,"jetpack_social_post_already_shared":false,"jetpack_social_options":{"image_generator_settings":{"template":"highway","default_image_id":0,"font":"","enabled":false},"version":2}},"categories":[6498592],"tags":[],"class_list":["post-11066","post","type-post","status-publish","format-standard","has-post-thumbnail","hentry","category-actualitati","entry"],"translation":{"provider":"WPGlobus","version":"3.0.1","language":"en","enabled_languages":["ro","hu","en"],"languages":{"ro":{"title":true,"content":true,"excerpt":false},"hu":{"title":false,"content":false,"excerpt":false},"en":{"title":false,"content":false,"excerpt":false}}},"jetpack_publicize_connections":[],"jetpack_featured_media_url":"","jetpack_likes_enabled":true,"jetpack-related-posts":[{"id":10529,"url":"https:\/\/muzeusm.ro\/en\/bienala-de-arta-contemporana-albnegru\/","url_meta":{"origin":11066,"position":0},"title":"Bienala de art\u0103 contemporan\u0103  ALB\/NEGRU","author":"Popdan Bradut","date":"25 November 2021","format":false,"excerpt":"Vineri 26 noiembrie 2021, \u00eencep\u00e2nd cu ora 17, Sec\u021bia de Art\u0103 a Muzeului Jude\u021bean Satu Mare \u00eempreun\u0103 cu Casa de Cultur\u0103 G. M. Zamfirescu v\u0103 invit\u0103 la un dublu eveniment: bi \u2013 Bienala Alb Negru, manifestare cultural\u0103 de art\u0103 contemporan\u0103, deja consacrat\u0103. Edi\u021bia 2019, reprogramat\u0103 pentru 2021, cu tema Dup\u0103\u2026","rel":"","context":"In &quot;actualitati&quot;","block_context":{"text":"actualitati","link":"https:\/\/muzeusm.ro\/en\/category\/actualitati\/"},"img":{"alt_text":"","src":"https:\/\/i0.wp.com\/www.muzeusm.ro\/wp-content\/uploads\/2021\/11\/WhatsApp-Image-2021-11-25-at-08.45.38-212x300.jpeg?resize=350%2C200","width":350,"height":200},"classes":[]},{"id":1296,"url":"https:\/\/muzeusm.ro\/en\/bienala-alb-negru\/","url_meta":{"origin":11066,"position":1},"title":"Bienala Alb Negru Black White Biennal","author":"Dobrescu Adela Catalina","date":"11 December 2015","format":false,"excerpt":"Muzeul Jude\u0163ean Satu Mare cu sprijinul Consiliului Jude\u0163ean, organizeaz\u0103 a IV-a edi\u0163ie a Bienalei Alb negru, eveniment \u00een cadrul c\u0103ruia se va organiza o expozi\u0163ie de art\u0103 contemporan\u0103 \u015fi va avea loc un simpozion \u015ftiin\u0163ific cu tema \u201eLimitele libert\u0103\u0163ii\u201d. Fa\u0163\u0103 de edi\u0163iile anterioare, au fost invita\u0163i s\u0103 expun\u0103 un num\u0103r\u2026","rel":"","context":"In &quot;actualitati&quot;","block_context":{"text":"actualitati","link":"https:\/\/muzeusm.ro\/en\/category\/actualitati\/"},"img":{"alt_text":"afis fiNAL 3","src":"https:\/\/i0.wp.com\/www.muzeusm.ro\/wp-content\/uploads\/2015\/12\/afis-fiNAL-3-212x300.jpg?resize=350%2C200","width":350,"height":200},"classes":[]},{"id":2807,"url":"https:\/\/muzeusm.ro\/en\/bienala-alb-negru-editia-a-v-a\/","url_meta":{"origin":11066,"position":2},"title":"Bienala Alb negru, edi\u021bia a V-a","author":"Dobrescu Adela Catalina","date":"25 October 2017","format":false,"excerpt":"\u00a0NEGRU PE ALB \u00a0Bienala Alb negru, edi\u021bia a V-a \u00a0\u00a0\u00a0\u00a0\u00a0\u00a0\u00a0 Sec\u0163ia de Art\u0103 a Muzeului Jude\u0163ean Satu Mare (Pia\u021ba Libert\u0103\u021bii nr. 21) va g\u0103zdui \u00eencep\u00e2nd cu data de 27 octombrie,ora 17.00, cea de-a cincea edi\u021bie a Bienalei Alb negru. \u00a0\u00a0\u00a0\u00a0\u00a0\u00a0\u00a0 Alb-negru? Ce faci cu aceast\u0103 restric\u021bie, cum o prive\u0219ti dincolo\u2026","rel":"","context":"In &quot;actualitati&quot;","block_context":{"text":"actualitati","link":"https:\/\/muzeusm.ro\/en\/category\/actualitati\/"},"img":{"alt_text":"","src":"","width":0,"height":0},"classes":[]},{"id":3561,"url":"https:\/\/muzeusm.ro\/en\/expozitie-retrospectiva-vasile-pop-negresteanu-vedenii-insemnate-punct-linie-forma-si-culoare\/","url_meta":{"origin":11066,"position":3},"title":"Expozi\u0163ie retrospectiv\u0103 Vasile Pop &#8211; Negre\u015fteanu: &#8220;Vedenii \u00censemnate \u2013 punct, linie, form\u0103 \u015fi culoare&#8221;","author":"norbertlorincz","date":"11 July 2018","format":false,"excerpt":"Fiu al S\u0103tmarului, artistul vizual Vasile Pop - Negre\u015fteanu ofer\u0103 s\u0103tm\u0103renilor \u015fi tuturor celor ce vor trece pragul Sec\u0163iei de Art\u0103 a Muzeului Jude\u0163ean Satu Mare, o magic\u0103 \u00eent\u00e2lnire cu lumea crea\u0163iei sale, ce-\u015fi are izvorul \u00een nesecatul tezaur cultural al Oa\u015fului. De mai bine de patru decenii de activitate,\u2026","rel":"","context":"In &quot;actualitati&quot;","block_context":{"text":"actualitati","link":"https:\/\/muzeusm.ro\/en\/category\/actualitati\/"},"img":{"alt_text":"","src":"https:\/\/i0.wp.com\/www.muzeusm.ro\/wp-content\/uploads\/2018\/07\/afis-Negresteanu-214x300.jpg?resize=350%2C200","width":350,"height":200},"classes":[]},{"id":7431,"url":"https:\/\/muzeusm.ro\/en\/expozitia-mari-fotografi-din-transilvania-2\/","url_meta":{"origin":11066,"position":4},"title":"Expozi\u021bia: MARI FOTOGRAFI DIN TRANSILVANIA","author":"norbertlorincz","date":"21 July 2020","format":false,"excerpt":"Vineri, 17 iulie 2020, a avut loc la Muzeul \u021a\u0103rii F\u0103g\u0103ra\u0219ului \u201eValer Literat\u201d vernisajul expozi\u021biei \u201eMari fotografi din Transilvania. Secolele XIX-XX\u201d (edi\u021bia a II-a). La evenimentul cultural moderat de dr. Elena B\u0103jenaru, managerul institu\u021biei gazd\u0103, au fost prezen\u021bi patru membri din echipa proiectului expozi\u021bional \u0219i editorial: Delia Voina (de la\u2026","rel":"","context":"In &quot;actualitati&quot;","block_context":{"text":"actualitati","link":"https:\/\/muzeusm.ro\/en\/category\/actualitati\/"},"img":{"alt_text":"","src":"https:\/\/i0.wp.com\/www.muzeusm.ro\/wp-content\/uploads\/2020\/07\/1-300x225.jpg?resize=350%2C200","width":350,"height":200},"classes":[]},{"id":6128,"url":"https:\/\/muzeusm.ro\/en\/expozitie-itineranta-bienala-carpatica-de-grafica-pentru-copii-si-tineret\/","url_meta":{"origin":11066,"position":5},"title":"Expozi\u021bie itinerant\u0103 &#8221;Bienala Carpatic\u0103 de Grafic\u0103 pentru Copii \u0219i Tineret&#8221;","author":"Andrei Mocan Mihai","date":"11 February 2020","format":false,"excerpt":"Muzeul Jude\u0163ean Satu Mare este partenerul concursului interna\u0163ional \"'Bienala Carpatic\u0103 de Grafic\u0103 pentru Copii \u015fi Tineret\"'. Organizatorul principal al acestui\u00a0concurs este Muzeul Arhitecturii \u015fi Civiliza\u0163iei Populare din Ujgorod, \u00eempreun\u0103 cu partenerii: Muzeul Jude\u0163ean Satu Mare (Rom\u00e2nia);Centrul pentru Cultur\u0103 din Przemy\u015bl (Polonia); Centrul pentru ini\u021biative Culturale \u0219i de Art\u0103, Lviv (Ucraina),\u2026","rel":"","context":"In &quot;actualitati&quot;","block_context":{"text":"actualitati","link":"https:\/\/muzeusm.ro\/en\/category\/actualitati\/"},"img":{"alt_text":"","src":"https:\/\/i0.wp.com\/www.muzeusm.ro\/wp-content\/uploads\/2020\/02\/ujg-liuba-212x300.jpg?resize=350%2C200","width":350,"height":200},"classes":[]}],"jetpack_sharing_enabled":true,"jetpack_shortlink":"https:\/\/wp.me\/pfvnyQ-2Su","_links":{"self":[{"href":"https:\/\/muzeusm.ro\/en\/wp-json\/wp\/v2\/posts\/11066","targetHints":{"allow":["GET"]}}],"collection":[{"href":"https:\/\/muzeusm.ro\/en\/wp-json\/wp\/v2\/posts"}],"about":[{"href":"https:\/\/muzeusm.ro\/en\/wp-json\/wp\/v2\/types\/post"}],"author":[{"embeddable":true,"href":"https:\/\/muzeusm.ro\/en\/wp-json\/wp\/v2\/users\/245723484"}],"replies":[{"embeddable":true,"href":"https:\/\/muzeusm.ro\/en\/wp-json\/wp\/v2\/comments?post=11066"}],"version-history":[{"count":0,"href":"https:\/\/muzeusm.ro\/en\/wp-json\/wp\/v2\/posts\/11066\/revisions"}],"wp:featuredmedia":[{"embeddable":true,"href":"https:\/\/muzeusm.ro\/en\/wp-json\/"}],"wp:attachment":[{"href":"https:\/\/muzeusm.ro\/en\/wp-json\/wp\/v2\/media?parent=11066"}],"wp:term":[{"taxonomy":"category","embeddable":true,"href":"https:\/\/muzeusm.ro\/en\/wp-json\/wp\/v2\/categories?post=11066"},{"taxonomy":"post_tag","embeddable":true,"href":"https:\/\/muzeusm.ro\/en\/wp-json\/wp\/v2\/tags?post=11066"}],"curies":[{"name":"wp","href":"https:\/\/api.w.org\/{rel}","templated":true}]}}