{"id":1104,"date":"2015-10-05T06:09:15","date_gmt":"2015-10-05T06:09:15","guid":{"rendered":"http:\/\/www.muzeusm.ro\/?page_id=1104"},"modified":"2024-03-24T11:48:10","modified_gmt":"2024-03-24T09:48:10","slug":"sectia-istorie","status":"publish","type":"post","link":"https:\/\/muzeusm.ro\/en\/sectia-istorie\/","title":{"rendered":"Sec\u021bia Istorie"},"content":{"rendered":"<p><em>Sec\u021bia de Istorie<\/em> a Muzeului Jude\u021bean Satu Mare a fost \u00eenfiin\u021bat\u0103 \u00een 1968, c\u00e2nd muzeul a primit statutul de Muzeu Jude\u021bean. Colec\u021bia ei s-a format din mai multe surse. Unul dintre nuclee \u00eel constituie colec\u021bia Cercului K\u00f6lcsey. Ast\u0103zi Sec\u021bia de Istorie cuprinde un num\u0103r \u00eensemnat de documente, carte veche, textile, obiecte de mobilier, art\u0103 decorativ\u0103, art\u0103 bisericeasc\u0103, numismatic\u0103, \u0219tiin\u021b\u0103 \u0219i tehnic\u0103 etc. Prima reorganizare muzeal\u0103 a avut loc \u00een anii 1991-1992, patrimoniul Sec\u021biei de Istorie fiind expus \u00een cadrul s\u0103lilor de expozi\u021bie de la etajul \u00eent\u00e2i din sediul actual al muzeului. \u00cen anul 2002 s-a efectuat o alt\u0103 reorganizare \u015fi modernizare a expozi\u0163iei de baz\u0103, finalizat\u0103 \u00een anul 2005. \u00cen prezent, Sec\u021bia de Istorie a MJSM func\u021bioneaz\u0103 cu un \u0219ef sec\u021bie, \u0219i 4 posturi de execu\u021bie (1 cercet\u0103tor \u0219tiin\u021bific III, doi muzeografi \u0219i un conservator-gestionar custode).<\/p>\n<p>DR. CLAUDIU PETRU PORUMB\u0102CEAN &#8211; \u0218EF SEC\u021aIE GR II, CERCET\u0102TOR \u0218TIIN\u021aIFIC I<\/p>\n<ul>\n<li>Pentru mai multe detalii: [download-attachment id=&#8221;4164&#8243; title=&#8221;CV&#8221;]; [download-attachment id=&#8221;4171&#8243; title=&#8221;Memoriu de activitate&#8221;];<\/li>\n<\/ul>\n<p>DR. PAULA C\u0102T\u0102LINA VIRAG &#8211; CERCET\u0102TOR \u0218TIIN\u021aIFIC III<\/p>\n<ul>\n<li>Pentru mai multe detalii: CV; Memoriu de actvitate;<\/li>\n<\/ul>\n<p>MIHAELA DORINA S\u0102LCEANU &#8211; MUZEOGRAF I<\/p>\n<ul>\n<li>Pentru mai multe detalii: CV; Memoriu de activitate;<\/li>\n<\/ul>\n<p>DRD. L\u0150RINCZ NORBERT &#8211; MUZEOGRAF II<\/p>\n<ul>\n<li>Pentru mai multe detalii: CV; Memoriu de actvitate;<\/li>\n<\/ul>\n<p>AGLIU\u021aA MARIANA \u0218IMON &#8211; CONSERVATOR IA<\/p>\n<ul>\n<li>Pentru mai multe detalii: CV.<\/li>\n<\/ul>\n","protected":false},"excerpt":{"rendered":"<p>Sec\u021bia de Istorie a Muzeului Jude\u021bean Satu Mare a fost \u00eenfiin\u021bat\u0103 \u00een 1968, c\u00e2nd muzeul a primit statutul de Muzeu Jude\u021bean. Colec\u021bia ei s-a format din mai multe surse. Unul dintre nuclee \u00eel constituie colec\u021bia Cercului K\u00f6lcsey. Ast\u0103zi Sec\u021bia de Istorie cuprinde un num\u0103r \u00eensemnat de documente, carte veche, textile, obiecte de mobilier, art\u0103 decorativ\u0103,<a class=\"more-link\" href=\"https:\/\/muzeusm.ro\/en\/sectia-istorie\/\">Continue reading <span class=\"screen-reader-text\">&#8220;Sec\u021bia Istorie&#8221;<\/span><\/a><\/p>\n","protected":false},"author":245723486,"featured_media":0,"comment_status":"closed","ping_status":"closed","sticky":false,"template":"","format":"standard","meta":{"_coblocks_attr":"","_coblocks_dimensions":"","_coblocks_responsive_height":"","_coblocks_accordion_ie_support":"","advanced_seo_description":"","jetpack_seo_html_title":"","jetpack_seo_noindex":false,"jetpack_post_was_ever_published":false,"_jetpack_newsletter_access":"","_jetpack_dont_email_post_to_subs":false,"_jetpack_newsletter_tier_id":0,"_jetpack_memberships_contains_paywalled_content":false,"_jetpack_memberships_contains_paid_content":false,"footnotes":"","jetpack_publicize_message":"","jetpack_publicize_feature_enabled":true,"jetpack_social_post_already_shared":false,"jetpack_social_options":{"image_generator_settings":{"template":"highway","default_image_id":0,"font":"","enabled":false},"version":2}},"categories":[],"tags":[],"class_list":["post-1104","post","type-post","status-publish","format-standard","hentry","entry"],"translation":{"provider":"WPGlobus","version":"3.0.1","language":"en","enabled_languages":["ro","hu","en"],"languages":{"ro":{"title":true,"content":true,"excerpt":false},"hu":{"title":false,"content":false,"excerpt":false},"en":{"title":false,"content":false,"excerpt":false}}},"jetpack_publicize_connections":[],"jetpack_featured_media_url":"","jetpack_likes_enabled":true,"jetpack-related-posts":[{"id":13685,"url":"https:\/\/muzeusm.ro\/en\/sectia-etnografie-arta\/","url_meta":{"origin":1104,"position":0},"title":"Sec\u0163ia Etnografie","author":"Gordan Csilla","date":"12 December 2013","format":false,"excerpt":"Sec\u0163ia de etnografie de\u0163ine un patrimoniu cultural ce \u00eensumeaz\u0103 cca. 44. 000 de obiecte\u00a0 (ceramic\u0103 utilitar\u0103 \u0219i decorativ\u0103, textile, port popular, podoabe, icoane, obiecte din lemn, obiecte de uz casnic, fotografii, diapozitive, manuscrise). \u00cen anul 1992 a fost organizat\u0103 expozi\u021bia de baz\u0103 a sec\u021biei, iar \u00een anul 2005 a fost\u2026","rel":"","context":"Similar post","block_context":{"text":"Similar post","link":""},"img":{"alt_text":"","src":"","width":0,"height":0},"classes":[]},{"id":1110,"url":"https:\/\/muzeusm.ro\/en\/sectia-arta\/","url_meta":{"origin":1104,"position":1},"title":"Sec\u021bia Art\u0103","author":"Dobrescu Adela Catalina","date":"5 October 2015","format":false,"excerpt":"Sec\u021bia de Art\u0103 a Muzeului Jude\u021bean Satu Mare, \u00eenfiin\u0163at\u0103 \u00een anul1968, \u00a0\u00ee\u0219i desf\u0103\u0219oar\u0103 activitatea \u00een una dintre cele mai reprezentative cl\u0103diri aflate \u00een centrul istoric al ora\u0219ului Satu Mare, cunoscut\u0103 sub denumirea de \u201eCasa V\u00e9csey\u201d. Locul pe care se g\u0103se\u0219te edificiul are o valoare istoric\u0103 deosebit\u0103, deoarece aici era amplasat\u0103\u2026","rel":"","context":"Similar post","block_context":{"text":"Similar post","link":""},"img":{"alt_text":"","src":"","width":0,"height":0},"classes":[]},{"id":1966,"url":"https:\/\/muzeusm.ro\/en\/manifestari-ziua-nationala-a-romaniei\/","url_meta":{"origin":1104,"position":2},"title":"Manifest\u0103ri Ziua Na\u021bional\u0103 a Rom\u00e2niei","author":"Dobrescu Adela Catalina","date":"24 November 2016","format":false,"excerpt":"Mar\u021bi, 29 decembrie 2016, ora 13.00, la sediul Muzeului Jude\u021bean Satu Mare - Sec\u021bia de Art\u0103, va avea loc vernisajul expozi\u021biei temporare intitulat\u0103 \u201dTransilvania, Bucovina \u0219i Basarabia \u00een perioada Marelui R\u0103zboi\u201d. Proiectul expozi\u021bional este organizat de Muzeul Na\u021bional de Istorie a Rom\u00e2niei-Bucure\u0219ti \u00een colaborare cu Muzeul de Istorie a Moldovei-Chi\u0219in\u0103u,\u2026","rel":"","context":"In &quot;actualitati&quot;","block_context":{"text":"actualitati","link":"https:\/\/muzeusm.ro\/en\/category\/actualitati\/"},"img":{"alt_text":"afis_expo1 dec","src":"https:\/\/i0.wp.com\/www.muzeusm.ro\/wp-content\/uploads\/2016\/11\/afis_expo1-dec-212x300.jpg?resize=350%2C200","width":350,"height":200},"classes":[]},{"id":1890,"url":"https:\/\/muzeusm.ro\/en\/anunt\/","url_meta":{"origin":1104,"position":3},"title":"ANUN\u021a","author":"Dobrescu Adela Catalina","date":"28 September 2016","format":false,"excerpt":"\u00a0 ANUN\u021a Privind\u00a0 examenul de promovare \u00een grade sau trepte profesioanale superioare Av\u00e2nd \u00een vedere prevederile\u00a0 Hotararii de Guvern 286\/2011 pentru aprobarea Regulamentului \u2013cadru privind stabilirea principiilor generale de ocupare a unui post vacant sau temporar vacant corespunz\u0103tor func\u021biilor contractuale \u0219i a criteriilor de promovare \u00een grade sau trepte profesionale\u2026","rel":"","context":"In &quot;actualitati&quot;","block_context":{"text":"actualitati","link":"https:\/\/muzeusm.ro\/en\/category\/actualitati\/"},"img":{"alt_text":"","src":"","width":0,"height":0},"classes":[]},{"id":2653,"url":"https:\/\/muzeusm.ro\/en\/despre-noi-2\/","url_meta":{"origin":1104,"position":4},"title":"Despre noi","author":"Gordan Csilla","date":"4 July 2017","format":false,"excerpt":"\u00a0 Muzeul Jude\u0163ean Satu Mare este cea mai mare institu\u0163ie de cultur\u0103 din jude\u0163, av\u00e2nd \u00een structura organizatoric\u0103 23 de muzee, case memoriale, gospod\u0103rii \u0163\u0103r\u0103ne\u015fti, situri arheologice. Primele colec\u0163ii muzeale s\u0103tm\u0103rene s-au constituit \u00een cadrul cercului K\u00f6lcsey (1891), \u00een anul 1905 \u00eenfiin\u0163\u00e2ndu-se Muzeul Municipal Satu Mare. Dup\u0103 1918, prin str\u0103daniile\u2026","rel":"","context":"Similar post","block_context":{"text":"Similar post","link":""},"img":{"alt_text":"","src":"","width":0,"height":0},"classes":[]},{"id":13686,"url":"https:\/\/muzeusm.ro\/en\/muzeele-carei-si-tasnad\/","url_meta":{"origin":1104,"position":5},"title":"Sec\u0163ia Carei \u015fi T\u0103\u015fnad","author":"Gordan Csilla","date":"12 December 2013","format":false,"excerpt":"Sec\u021bia Carei- T\u0103\u0219nad cuprinde urm\u0103toarele obiective muzeale: Muzeul Municipal Carei,Muzeul Or\u0103\u015fenesc T\u0103\u015fnad, Complexul Muzeal Ady Endre, Muzeul Maghiar Sipos Laszlo de la Bogdand \u0219i Casa \u021b\u0103r\u0103neasc\u0103 de la Andrid. Muzeul Municipal Carei. S-a \u00eenfiin\u021bat sub numele de Muzeu Raional \u00een anul 1958. Devine muzeu or\u0103\u0219enesc \u00een 1985 \u0219i intr\u0103 \u00een\u2026","rel":"","context":"Similar post","block_context":{"text":"Similar post","link":""},"img":{"alt_text":"","src":"","width":0,"height":0},"classes":[]}],"jetpack_sharing_enabled":true,"jetpack_shortlink":"https:\/\/wp.me\/pfvnyQ-hO","_links":{"self":[{"href":"https:\/\/muzeusm.ro\/en\/wp-json\/wp\/v2\/posts\/1104","targetHints":{"allow":["GET"]}}],"collection":[{"href":"https:\/\/muzeusm.ro\/en\/wp-json\/wp\/v2\/posts"}],"about":[{"href":"https:\/\/muzeusm.ro\/en\/wp-json\/wp\/v2\/types\/post"}],"author":[{"embeddable":true,"href":"https:\/\/muzeusm.ro\/en\/wp-json\/wp\/v2\/users\/245723486"}],"replies":[{"embeddable":true,"href":"https:\/\/muzeusm.ro\/en\/wp-json\/wp\/v2\/comments?post=1104"}],"version-history":[{"count":1,"href":"https:\/\/muzeusm.ro\/en\/wp-json\/wp\/v2\/posts\/1104\/revisions"}],"predecessor-version":[{"id":13728,"href":"https:\/\/muzeusm.ro\/en\/wp-json\/wp\/v2\/posts\/1104\/revisions\/13728"}],"wp:attachment":[{"href":"https:\/\/muzeusm.ro\/en\/wp-json\/wp\/v2\/media?parent=1104"}],"wp:term":[{"taxonomy":"category","embeddable":true,"href":"https:\/\/muzeusm.ro\/en\/wp-json\/wp\/v2\/categories?post=1104"},{"taxonomy":"post_tag","embeddable":true,"href":"https:\/\/muzeusm.ro\/en\/wp-json\/wp\/v2\/tags?post=1104"}],"curies":[{"name":"wp","href":"https:\/\/api.w.org\/{rel}","templated":true}]}}